{"id":47299,"date":"2025-08-20T11:11:07","date_gmt":"2025-08-20T14:11:07","guid":{"rendered":"http:\/\/jornaldeitaipava.com.br\/?p=47299"},"modified":"2025-08-20T11:11:17","modified_gmt":"2025-08-20T14:11:17","slug":"estreia-de-anonimo-2-e-maratona-invocacao-do-mal-agitam-a-programacao-do-cinemaxx-mercado-estacao","status":"publish","type":"post","link":"https:\/\/jornaldeitaipava.com.br\/index.php\/2025\/08\/20\/estreia-de-anonimo-2-e-maratona-invocacao-do-mal-agitam-a-programacao-do-cinemaxx-mercado-estacao\/","title":{"rendered":"Estreia de \u201cAn\u00f4nimo 2\u201d e maratona \u201cInvoca\u00e7\u00e3o do Mal\u201d agitam a programa\u00e7\u00e3o do Cinemaxx Mercado Esta\u00e7\u00e3o"},"content":{"rendered":"\n<p class=\"has-text-align-center\"><strong>Tamb\u00e9m permanecem em cartaz \u201cSuperman\u201d, \u201cJuntos\u201d, \u201cOs Caras Malvados 2\u201d, \u201cQuarteto Fant\u00e1stico \u2013 Primeiros Passos\u201d e \u201cA Hora do Mal\u201d<\/strong><\/p>\n\n\n\n<p>O Cinemaxx Mercado Esta\u00e7\u00e3o, localizado na Rua Paulo Barbosa, 310, 1\u00ba piso, no Centro de Petr\u00f3polis, inicia nesta quinta-feira, 21, uma programa\u00e7\u00e3o que segue at\u00e9 quarta-feira, 27 de agosto, repleta de estreias e sucessos j\u00e1 consagrados. Entre os destaques da semana est\u00e3o a estreia de \u201cAn\u00f4nimo 2\u201d e a maratona de terror \u201cInvoca\u00e7\u00e3o do Mal\u201d, oferecendo sess\u00f5es em 2D e dubladas, em hor\u00e1rios que contemplam a tarde e a noite, garantindo divers\u00e3o e emo\u00e7\u00e3o para todos os p\u00fablicos.<\/p>\n\n\n\n<p>A estreia \u201cAn\u00f4nimo 2\u201d, na Sala 1, chega com classifica\u00e7\u00e3o de 16 anos e sess\u00f5es \u00e0s 18h, exceto na segunda-feira. O filme de a\u00e7\u00e3o e com\u00e9dia acompanha Hutch Mansell, que retorna ao trabalho perigoso que havia abandonado para cuidar da fam\u00edlia, e decide levar todos para um parque de divers\u00f5es aqu\u00e1tico na cidade de Plummerville. O que parecia ser dias de lazer se transforma em uma sequ\u00eancia de eventos perigosos quando uma briga inesperada com locais desencadeia novos desafios, colocando a fam\u00edlia \u00e0 prova.<\/p>\n\n\n\n<p>Na Sala 2, a maratona \u201cInvoca\u00e7\u00e3o do Mal\u201d estreia com classifica\u00e7\u00e3o de 14 anos, em sess\u00f5es \u00e0s 15h15, 17h45 e 20h15, com diferentes filmes da saga em cada dia da semana. Os tr\u00eas primeiros filmes da franquia levam o p\u00fablico a acompanhar fen\u00f4menos sobrenaturais e investiga\u00e7\u00f5es de casos de possess\u00e3o, em uma experi\u00eancia cont\u00ednua de terror que promete arrepiar e prender a aten\u00e7\u00e3o dos f\u00e3s do g\u00eanero.<\/p>\n\n\n\n<p>Entre os t\u00edtulos que permanecem em cartaz, \u201cSuperman\u201d segue em sua 7\u00aa semana na Sala 1, classifica\u00e7\u00e3o 14 anos, com sess\u00f5es \u00e0s 15h30, exceto na segunda-feira. O longa traz o super-her\u00f3i tentando conciliar sua heran\u00e7a extraterrestre como kryptoniano com a vida humana em Smallville, enfrentando novos desafios e vil\u00f5es cl\u00e1ssicos como Lex Luthor, Lois Lane e Mulher-Gavi\u00e3o, enquanto luta para provar que seus valores de justi\u00e7a e verdade permanecem relevantes.<\/p>\n\n\n\n<p>Ainda na Sala 1, o terror de \u201cJuntos\u201d, em sua 2\u00aa semana, classifica\u00e7\u00e3o 16 anos, \u00e9 exibido \u00e0s 20h30, exceto segunda-feira. O filme acompanha Tim e Millie, casal disfuncional que se muda para uma cidade isolada, apenas para descobrir que for\u00e7as sobrenaturais come\u00e7am a corromper seu relacionamento, corpos e mentes, levando-os a enfrentar um horror muito maior do que uma simples separa\u00e7\u00e3o.<\/p>\n\n\n\n<p>Na Sala 3, \u201cOs Caras Malvados 2\u201d, em sua 2\u00aa semana, classifica\u00e7\u00e3o livre, tem sess\u00f5es \u00e0s 15h, exceto na segunda-feira. Cinco anos ap\u00f3s abandonar a vida de crimes, Sr. Lobo e sua trupe precisam lidar com novas aventuras e aceitar as consequ\u00eancias de suas escolhas, at\u00e9 serem for\u00e7ados a realizar um \u00faltimo servi\u00e7o perigoso por um esquadr\u00e3o de bandidas.<\/p>\n\n\n\n<p>Tamb\u00e9m na Sala 3, \u201cQuarteto Fant\u00e1stico \u2013 Primeiros Passos\u201d, em sua 5\u00aa semana, classifica\u00e7\u00e3o 12 anos, \u00e9 exibido \u00e0s 17h30, exceto segunda-feira. Ap\u00f3s uma tempestade de raios c\u00f3smicos durante um voo experimental, os astronautas Reed Richards, Susan Storm, Johnny Storm e Ben Grimm descobrem novas habilidades extraordin\u00e1rias e enfrentam amea\u00e7as que testam seus poderes rec\u00e9m-adquiridos.<\/p>\n\n\n\n<p>Fechando a programa\u00e7\u00e3o, \u201cA Hora do Mal\u201d, em sua 3\u00aa semana, classifica\u00e7\u00e3o 16 anos, tem sess\u00f5es \u00e0s 20h, exceto segunda-feira. O suspense acompanha o desaparecimento simult\u00e2neo de 17 crian\u00e7as, deixando a cidade em busca de respostas e mergulhando a comunidade em mist\u00e9rios que desafiam a compreens\u00e3o dos moradores e das autoridades locais.<\/p>\n\n\n\n<p>Os ingressos j\u00e1 est\u00e3o dispon\u00edveis pelo aplicativo Cinemaxx ou pelo site www.cinemaxx.com.br, garantindo praticidade na aquisi\u00e7\u00e3o e a oportunidade de conferir toda a programa\u00e7\u00e3o de forma antecipada. O Cinemaxx Mercado Esta\u00e7\u00e3o refor\u00e7a seu compromisso de oferecer experi\u00eancias cinematogr\u00e1ficas de qualidade, reunindo estreias, sucessos em cartaz e hor\u00e1rios para atender a todos os p\u00fablicos.<\/p>\n\n\n\n<p>Ingressos e itens da bomboniere como pipoca, \u00e1gua, refrigerante podem ser adquiridos diretamente na bilheteria das unidades com pagamentos em dinheiro. Nos ATM\u2019S (guich\u00ea de atendimento autom\u00e1tico) o pagamento pode ser realizado apenas no cart\u00e3o de d\u00e9bito. J\u00e1 no App Cinemaxx, dispon\u00edvel para Android e IOS gratuitamente, nos sites Velox Tickets e Ingresso.com os pagamentos s\u00e3o por meio de cart\u00e3o de d\u00e9bito, cart\u00e3o de cr\u00e9dito ou PIX.<\/p>\n","protected":false},"excerpt":{"rendered":"<p>Tamb\u00e9m permanecem em cartaz \u201cSuperman\u201d, \u201cJuntos\u201d, \u201cOs Caras Malvados 2\u201d, \u201cQuarteto Fant\u00e1stico \u2013 Primeiros Passos\u201d<\/p>\n","protected":false},"author":1,"featured_media":47204,"comment_status":"closed","ping_status":"open","sticky":false,"template":"","format":"standard","meta":{"spay_email":"","footnotes":"","jetpack_publicize_message":""},"categories":[1],"tags":[],"jetpack_featured_media_url":"https:\/\/i2.wp.com\/jornaldeitaipava.com.br\/wp-content\/uploads\/2025\/08\/WhatsApp-Image-2025-08-13-at-09.36.22.jpeg?fit=1600%2C840&ssl=1","jetpack_publicize_connections":[],"jetpack_sharing_enabled":true,"jetpack_likes_enabled":true,"jetpack-related-posts":[],"_links":{"self":[{"href":"https:\/\/jornaldeitaipava.com.br\/index.php\/wp-json\/wp\/v2\/posts\/47299"}],"collection":[{"href":"https:\/\/jornaldeitaipava.com.br\/index.php\/wp-json\/wp\/v2\/posts"}],"about":[{"href":"https:\/\/jornaldeitaipava.com.br\/index.php\/wp-json\/wp\/v2\/types\/post"}],"author":[{"embeddable":true,"href":"https:\/\/jornaldeitaipava.com.br\/index.php\/wp-json\/wp\/v2\/users\/1"}],"replies":[{"embeddable":true,"href":"https:\/\/jornaldeitaipava.com.br\/index.php\/wp-json\/wp\/v2\/comments?post=47299"}],"version-history":[{"count":1,"href":"https:\/\/jornaldeitaipava.com.br\/index.php\/wp-json\/wp\/v2\/posts\/47299\/revisions"}],"predecessor-version":[{"id":47300,"href":"https:\/\/jornaldeitaipava.com.br\/index.php\/wp-json\/wp\/v2\/posts\/47299\/revisions\/47300"}],"wp:featuredmedia":[{"embeddable":true,"href":"https:\/\/jornaldeitaipava.com.br\/index.php\/wp-json\/wp\/v2\/media\/47204"}],"wp:attachment":[{"href":"https:\/\/jornaldeitaipava.com.br\/index.php\/wp-json\/wp\/v2\/media?parent=47299"}],"wp:term":[{"taxonomy":"category","embeddable":true,"href":"https:\/\/jornaldeitaipava.com.br\/index.php\/wp-json\/wp\/v2\/categories?post=47299"},{"taxonomy":"post_tag","embeddable":true,"href":"https:\/\/jornaldeitaipava.com.br\/index.php\/wp-json\/wp\/v2\/tags?post=47299"}],"curies":[{"name":"wp","href":"https:\/\/api.w.org\/{rel}","templated":true}]}}