{"id":47304,"date":"2025-08-20T11:15:58","date_gmt":"2025-08-20T14:15:58","guid":{"rendered":"http:\/\/jornaldeitaipava.com.br\/?p=47304"},"modified":"2025-08-20T11:16:04","modified_gmt":"2025-08-20T14:16:04","slug":"8-toneladas-de-solidariedade-campanha-do-armazem-do-grao-mobiliza-clientes-e-colaboradores","status":"publish","type":"post","link":"https:\/\/jornaldeitaipava.com.br\/index.php\/2025\/08\/20\/8-toneladas-de-solidariedade-campanha-do-armazem-do-grao-mobiliza-clientes-e-colaboradores\/","title":{"rendered":"8 toneladas de solidariedade: campanha do Armaz\u00e9m do Gr\u00e3o mobiliza clientes e colaboradores"},"content":{"rendered":"\n<p class=\"has-text-align-center\"><strong>Alimentos foram destinados a institui\u00e7\u00f5es sociais de Petr\u00f3polis, Teres\u00f3polis e Barra da Tijuca.<br>Campanha de anivers\u00e1rio da rede mobilizou todas as lojas da rede em tr\u00eas cidades.<\/strong><\/p>\n\n\n\n<p>A campanha Anivers\u00e1rio Solid\u00e1rio, j\u00e1 tradicional no calend\u00e1rio de anivers\u00e1rio da rede Armaz\u00e9m do Gr\u00e3o, bateu mais um recorde em 2025: foram arrecadadas cerca de 8 toneladas de alimentos, entregues a institui\u00e7\u00f5es que transformam vidas, desenvolvendo trabalhos sociais importantes em Petr\u00f3polis, Teres\u00f3polis e Rio de Janeiro.<br>Durante todo o m\u00eas de julho, clientes e colaboradores se uniram para celebrar os 17 anos do Armaz\u00e9m do Gr\u00e3o de forma especial &#8211; ajudando quem mais precisa. Todas as unidades da rede participaram e contribu\u00edram para o resultado expressivo e os alimentos foram entregues nesta segunda (18) e ter\u00e7a-feira (19) por equipes de funcion\u00e1rios.<\/p>\n\n\n\n<p><br><strong>Veja abaixo as entidades beneficiadas:<br><\/strong>\u2022 Petr\u00f3polis: APAE, APPO, SAL Para Terra, Terra Santa, COMAC, Lar Nossa Senhora das Gra\u00e7as.<br>\u2022 Teres\u00f3polis: Lar Tia Anast\u00e1cia e Creche-Lar Vov\u00f4 Miguel.<br>\u2022 Barra da Tijuca: One by One.<\/p>\n\n\n\n<p>\u201cA solidariedade \u00e9 um dos nossos valores mais importantes. Nada melhor do que comemorar o anivers\u00e1rio da empresa fortalecendo o v\u00ednculo com a comunidade e ajudando a levar alimento e esperan\u00e7a para tantas fam\u00edlias\u201d, destacou, Adriana Guarnieri, Gerente de RH da rede.<br>A psic\u00f3loga da Comac, Teresa Cristina Eiras, e todos os representantes das entidades beneficiadas, agradeceram as doa\u00e7\u00f5es de clientes, colaboradores e fornecedores, que mais uma vez contribu\u00edram para a campanha Armaz\u00e9m Solid\u00e1rio.<br>\u201cQueremos agradecer muito a todos por estas doa\u00e7\u00f5es em mais esta campanha de anivers\u00e1rio do Armaz\u00e9m do Gr\u00e3o. Esses alimentos v\u00e3o ajudar muitas fam\u00edlias, crian\u00e7as e idosos das institui\u00e7\u00f5es que foram beneficiadas por esta campanha\u201d, declarou Teresa.<\/p>\n\n\n\n<p><strong>Sobre o Armaz\u00e9m do Gr\u00e3o<br><\/strong>Fundado em 1986 como Panifica\u00e7\u00e3o Castrioto e transformado em rede de supermercados no in\u00edcio dos anos 2000, o Armaz\u00e9m do Gr\u00e3o inaugurou sua primeira loja sob esta marca em 2008, no Centro de Petr\u00f3polis. Hoje, conta com 12 unidades em Petr\u00f3polis, Teres\u00f3polis e na Barra da Tijuca (RJ), A rede se destaca pelo compromisso com qualidade, inova\u00e7\u00e3o, sustentabilidade e responsabilidade social.<\/p>\n","protected":false},"excerpt":{"rendered":"<p>Alimentos foram destinados a institui\u00e7\u00f5es sociais de Petr\u00f3polis, Teres\u00f3polis e Barra da Tijuca.Campanha de anivers\u00e1rio<\/p>\n","protected":false},"author":1,"featured_media":47305,"comment_status":"closed","ping_status":"open","sticky":false,"template":"","format":"standard","meta":{"spay_email":"","footnotes":"","jetpack_publicize_message":""},"categories":[2],"tags":[],"jetpack_featured_media_url":"https:\/\/i1.wp.com\/jornaldeitaipava.com.br\/wp-content\/uploads\/2025\/08\/WhatsApp-Image-2025-08-20-at-10.46.04.jpeg?fit=1600%2C1204&ssl=1","jetpack_publicize_connections":[],"jetpack_sharing_enabled":true,"jetpack_likes_enabled":true,"jetpack-related-posts":[],"_links":{"self":[{"href":"https:\/\/jornaldeitaipava.com.br\/index.php\/wp-json\/wp\/v2\/posts\/47304"}],"collection":[{"href":"https:\/\/jornaldeitaipava.com.br\/index.php\/wp-json\/wp\/v2\/posts"}],"about":[{"href":"https:\/\/jornaldeitaipava.com.br\/index.php\/wp-json\/wp\/v2\/types\/post"}],"author":[{"embeddable":true,"href":"https:\/\/jornaldeitaipava.com.br\/index.php\/wp-json\/wp\/v2\/users\/1"}],"replies":[{"embeddable":true,"href":"https:\/\/jornaldeitaipava.com.br\/index.php\/wp-json\/wp\/v2\/comments?post=47304"}],"version-history":[{"count":1,"href":"https:\/\/jornaldeitaipava.com.br\/index.php\/wp-json\/wp\/v2\/posts\/47304\/revisions"}],"predecessor-version":[{"id":47306,"href":"https:\/\/jornaldeitaipava.com.br\/index.php\/wp-json\/wp\/v2\/posts\/47304\/revisions\/47306"}],"wp:featuredmedia":[{"embeddable":true,"href":"https:\/\/jornaldeitaipava.com.br\/index.php\/wp-json\/wp\/v2\/media\/47305"}],"wp:attachment":[{"href":"https:\/\/jornaldeitaipava.com.br\/index.php\/wp-json\/wp\/v2\/media?parent=47304"}],"wp:term":[{"taxonomy":"category","embeddable":true,"href":"https:\/\/jornaldeitaipava.com.br\/index.php\/wp-json\/wp\/v2\/categories?post=47304"},{"taxonomy":"post_tag","embeddable":true,"href":"https:\/\/jornaldeitaipava.com.br\/index.php\/wp-json\/wp\/v2\/tags?post=47304"}],"curies":[{"name":"wp","href":"https:\/\/api.w.org\/{rel}","templated":true}]}}