{"id":47310,"date":"2025-08-20T11:26:18","date_gmt":"2025-08-20T14:26:18","guid":{"rendered":"http:\/\/jornaldeitaipava.com.br\/?p=47310"},"modified":"2025-08-20T11:26:24","modified_gmt":"2025-08-20T14:26:24","slug":"prefeitura-nomeia-260-concursados-para-reforcar-a-rede-municipal-de-educacao","status":"publish","type":"post","link":"https:\/\/jornaldeitaipava.com.br\/index.php\/2025\/08\/20\/prefeitura-nomeia-260-concursados-para-reforcar-a-rede-municipal-de-educacao\/","title":{"rendered":"Prefeitura nomeia 260 concursados para refor\u00e7ar a Rede Municipal de Educa\u00e7\u00e3o"},"content":{"rendered":"\n<p class=\"has-text-align-center\"><strong>Nomea\u00e7\u00e3o refor\u00e7a compromisso com a educa\u00e7\u00e3o p\u00fablica; Prefeitura tamb\u00e9m divulga novo calend\u00e1rio de convoca\u00e7\u00f5es de concursados<\/strong><\/p>\n\n\n\n<p>A Prefeitura nomeou mais 260 profissionais aprovados no concurso p\u00fablico da Educa\u00e7\u00e3o. As nomea\u00e7\u00f5es foram publicadas no Di\u00e1rio Oficial de ter\u00e7a-feira (19\/08) e fazem parte do planejamento de gest\u00e3o voltado ao atendimento das demandas pedag\u00f3gicas e administrativas da rede.<\/p>\n\n\n\n<p>Foram convocados professores de Educa\u00e7\u00e3o B\u00e1sica anos iniciais e das disciplinas de matem\u00e1tica, portugu\u00eas, educa\u00e7\u00e3o f\u00edsica e geografia, al\u00e9m de educadores infantis e secret\u00e1rio escolar com distribui\u00e7\u00e3o entre a primeira e a segunda regi\u00f5es.<\/p>\n\n\n\n<p>\u201cFoi necess\u00e1rio um grande trabalho para realizar essas nomea\u00e7\u00f5es. Esses profissionais foram convocados ao longo de 2024 e n\u00e3o havia vagas previstas para a posse. Foi necess\u00e1ria uma altera\u00e7\u00e3o no quadro de profissionais de educa\u00e7\u00e3o para que pud\u00e9ssemos ter profissionais na rede. Reafirmo meu compromisso com a educa\u00e7\u00e3o e com o futuro das crian\u00e7as\u201d, afirmou o prefeito Hingo Hammes.<\/p>\n\n\n\n<p>\u201cO ingresso de novos docentes fortalece o trabalho das equipes pedag\u00f3gicas e contribui para o andamento do ano letivo. Estamos dando suporte \u00e0s unidades para garantir uma transi\u00e7\u00e3o organizada e eficiente\u201d, afirmou a secret\u00e1ria de Educa\u00e7\u00e3o, Ana Carolina Kapler.<\/p>\n\n\n\n<p>Com essa nova nomea\u00e7\u00e3o, a Prefeitura d\u00e1 continuidade ao cronograma de chamadas do concurso da Educa\u00e7\u00e3o, com foco na valoriza\u00e7\u00e3o da carreira docente e no fortalecimento das pol\u00edticas p\u00fablicas de ensino.<\/p>\n\n\n\n<p><strong>Novo cronograma de convoca\u00e7\u00f5es<\/strong><\/p>\n\n\n\n<p>Al\u00e9m da posse dos profissionais, fechando as convoca\u00e7\u00f5es realizadas em 2024, a Prefeitura elaborou o novo cronograma de convoca\u00e7\u00f5es para o segundo semestre deste ano e in\u00edcio de 2026. Ser\u00e3o convocados profissionais quinzenalmente, at\u00e9 mar\u00e7o.<\/p>\n","protected":false},"excerpt":{"rendered":"<p>Nomea\u00e7\u00e3o refor\u00e7a compromisso com a educa\u00e7\u00e3o p\u00fablica; Prefeitura tamb\u00e9m divulga novo calend\u00e1rio de convoca\u00e7\u00f5es de<\/p>\n","protected":false},"author":1,"featured_media":8802,"comment_status":"closed","ping_status":"open","sticky":false,"template":"","format":"standard","meta":{"spay_email":"","footnotes":"","jetpack_publicize_message":""},"categories":[24],"tags":[],"jetpack_featured_media_url":"https:\/\/i1.wp.com\/jornaldeitaipava.com.br\/wp-content\/uploads\/2021\/01\/SEC-EDUC.jpg?fit=955%2C544&ssl=1","jetpack_publicize_connections":[],"jetpack_sharing_enabled":true,"jetpack_likes_enabled":true,"jetpack-related-posts":[],"_links":{"self":[{"href":"https:\/\/jornaldeitaipava.com.br\/index.php\/wp-json\/wp\/v2\/posts\/47310"}],"collection":[{"href":"https:\/\/jornaldeitaipava.com.br\/index.php\/wp-json\/wp\/v2\/posts"}],"about":[{"href":"https:\/\/jornaldeitaipava.com.br\/index.php\/wp-json\/wp\/v2\/types\/post"}],"author":[{"embeddable":true,"href":"https:\/\/jornaldeitaipava.com.br\/index.php\/wp-json\/wp\/v2\/users\/1"}],"replies":[{"embeddable":true,"href":"https:\/\/jornaldeitaipava.com.br\/index.php\/wp-json\/wp\/v2\/comments?post=47310"}],"version-history":[{"count":1,"href":"https:\/\/jornaldeitaipava.com.br\/index.php\/wp-json\/wp\/v2\/posts\/47310\/revisions"}],"predecessor-version":[{"id":47311,"href":"https:\/\/jornaldeitaipava.com.br\/index.php\/wp-json\/wp\/v2\/posts\/47310\/revisions\/47311"}],"wp:featuredmedia":[{"embeddable":true,"href":"https:\/\/jornaldeitaipava.com.br\/index.php\/wp-json\/wp\/v2\/media\/8802"}],"wp:attachment":[{"href":"https:\/\/jornaldeitaipava.com.br\/index.php\/wp-json\/wp\/v2\/media?parent=47310"}],"wp:term":[{"taxonomy":"category","embeddable":true,"href":"https:\/\/jornaldeitaipava.com.br\/index.php\/wp-json\/wp\/v2\/categories?post=47310"},{"taxonomy":"post_tag","embeddable":true,"href":"https:\/\/jornaldeitaipava.com.br\/index.php\/wp-json\/wp\/v2\/tags?post=47310"}],"curies":[{"name":"wp","href":"https:\/\/api.w.org\/{rel}","templated":true}]}}