{"id":47312,"date":"2025-08-20T11:29:14","date_gmt":"2025-08-20T14:29:14","guid":{"rendered":"http:\/\/jornaldeitaipava.com.br\/?p=47312"},"modified":"2025-08-20T11:29:20","modified_gmt":"2025-08-20T14:29:20","slug":"cdbv-e-campeao-de-volei-municipal-sub-15","status":"publish","type":"post","link":"https:\/\/jornaldeitaipava.com.br\/index.php\/2025\/08\/20\/cdbv-e-campeao-de-volei-municipal-sub-15\/","title":{"rendered":"CDBV \u00e9 campe\u00e3o de v\u00f4lei municipal &#8211; sub 15"},"content":{"rendered":"\n<p class=\"has-text-align-center\"><strong>Final foi disputada na Casa de Portugal no domingo\u00a0<\/strong><\/p>\n\n\n\n<p>O Coronel Veiga FC\/CDBV se consagrou campe\u00e3o municipal de v\u00f4lei na categoria sub-15 masculino, neste domingo (17), ap\u00f3s vencer a equipe do Boa Esperan\u00e7aFC\/Itaserra por 2 sets a 1. A final foi disputada no Gin\u00e1sio Presidente M\u00e1rio Machado, na Casa de Portugal. Esse \u00e9 o primeiro t\u00edtulo da categoria na competi\u00e7\u00e3o.&nbsp;<\/p>\n\n\n\n<p>O campeonato municipal de v\u00f4lei \u00e9 promovido pela Liga Petropolitana de Desportos (LPD) e contou com a participa\u00e7\u00e3o de quatro equipes nesta edi\u00e7\u00e3o. Com o t\u00e9rmino dos jogos, o Coronel Veiga Futebol Clube\/CDBV obteve o melhor ataque e defesa do campeonato.&nbsp;<\/p>\n\n\n\n<p>Para Diogo Batista, fundador da equipe, o resultado in\u00e9dito refor\u00e7a o empenho coletivo da equipe durante os treinos. \u201cEssa foi a primeira vez que disputamos o campeonato nesta categoria e terminamos como campe\u00f5es invictos, e estou muito feliz com o resultado. Esse t\u00edtulo representa a dedica\u00e7\u00e3o dos atletas ao longo da temporada e da nossa metodologia de treino\u201d, comentou ap\u00f3s a partida.&nbsp;<\/p>\n\n\n\n<p>Para Lua Mantovi, treinador da categoria, a final foi resumida em emo\u00e7\u00e3o. \u201cFoi emocionante do in\u00edcio ao fim e de muita entrega dos atletas e da comiss\u00e3o t\u00e9cnica. \u00c9 um privil\u00e9gio comandar essa equipe e estou muito feliz com esse t\u00edtulo logo no in\u00edcio da temporada\u201d, pontuou.<\/p>\n\n\n\n<p>O atleta Miguel Borde Serafim Barros foi eleito o craque da rodada. Durante a final, o central marcou oito pontos de ace (saque), e contribuiu tamb\u00e9m com pontos de bloqueio e ataques. O Coronel Veiga\/CDBV disputa ainda outras tr\u00eas categorias na competi\u00e7\u00e3o, s\u00e3o elas: Adulto masculino, adulto feminino e sub-15 feminino.<\/p>\n","protected":false},"excerpt":{"rendered":"<p>Final foi disputada na Casa de Portugal no domingo\u00a0 O Coronel Veiga FC\/CDBV se consagrou<\/p>\n","protected":false},"author":1,"featured_media":47313,"comment_status":"closed","ping_status":"open","sticky":false,"template":"","format":"standard","meta":{"spay_email":"","footnotes":"","jetpack_publicize_message":""},"categories":[9],"tags":[],"jetpack_featured_media_url":"https:\/\/i2.wp.com\/jornaldeitaipava.com.br\/wp-content\/uploads\/2025\/08\/WhatsApp-Image-2025-08-20-at-11.14.25.jpeg?fit=1600%2C1200&ssl=1","jetpack_publicize_connections":[],"jetpack_sharing_enabled":true,"jetpack_likes_enabled":true,"jetpack-related-posts":[],"_links":{"self":[{"href":"https:\/\/jornaldeitaipava.com.br\/index.php\/wp-json\/wp\/v2\/posts\/47312"}],"collection":[{"href":"https:\/\/jornaldeitaipava.com.br\/index.php\/wp-json\/wp\/v2\/posts"}],"about":[{"href":"https:\/\/jornaldeitaipava.com.br\/index.php\/wp-json\/wp\/v2\/types\/post"}],"author":[{"embeddable":true,"href":"https:\/\/jornaldeitaipava.com.br\/index.php\/wp-json\/wp\/v2\/users\/1"}],"replies":[{"embeddable":true,"href":"https:\/\/jornaldeitaipava.com.br\/index.php\/wp-json\/wp\/v2\/comments?post=47312"}],"version-history":[{"count":1,"href":"https:\/\/jornaldeitaipava.com.br\/index.php\/wp-json\/wp\/v2\/posts\/47312\/revisions"}],"predecessor-version":[{"id":47314,"href":"https:\/\/jornaldeitaipava.com.br\/index.php\/wp-json\/wp\/v2\/posts\/47312\/revisions\/47314"}],"wp:featuredmedia":[{"embeddable":true,"href":"https:\/\/jornaldeitaipava.com.br\/index.php\/wp-json\/wp\/v2\/media\/47313"}],"wp:attachment":[{"href":"https:\/\/jornaldeitaipava.com.br\/index.php\/wp-json\/wp\/v2\/media?parent=47312"}],"wp:term":[{"taxonomy":"category","embeddable":true,"href":"https:\/\/jornaldeitaipava.com.br\/index.php\/wp-json\/wp\/v2\/categories?post=47312"},{"taxonomy":"post_tag","embeddable":true,"href":"https:\/\/jornaldeitaipava.com.br\/index.php\/wp-json\/wp\/v2\/tags?post=47312"}],"curies":[{"name":"wp","href":"https:\/\/api.w.org\/{rel}","templated":true}]}}