{"id":47321,"date":"2025-08-21T14:56:32","date_gmt":"2025-08-21T17:56:32","guid":{"rendered":"http:\/\/jornaldeitaipava.com.br\/?p=47321"},"modified":"2025-08-21T14:56:38","modified_gmt":"2025-08-21T17:56:38","slug":"guarda-civil-encontra-drogas-no-cemiterio-do-centro-em-operacao-com-caes","status":"publish","type":"post","link":"https:\/\/jornaldeitaipava.com.br\/index.php\/2025\/08\/21\/guarda-civil-encontra-drogas-no-cemiterio-do-centro-em-operacao-com-caes\/","title":{"rendered":"Guarda Civil encontra drogas no Cemit\u00e9rio do Centro em opera\u00e7\u00e3o com c\u00e3es"},"content":{"rendered":"\n<p>Uma a\u00e7\u00e3o do Grupamento de Opera\u00e7\u00f5es com C\u00e3es da Guarda Civil Municipal terminou com apreens\u00e3o de drogas no Cemit\u00e9rio do Centro, na tarde desta quarta-feira (20\/08). Um c\u00e3o foi acionado para fazer buscas durante patrulhamento de rotina por agentes da corpora\u00e7\u00e3o e encontrou 12 tabletes de maconha escondidos em uma \u00e1rea do cemit\u00e9rio dentro de uma sacola. O material foi levado para a 105\u00aa Delegacia de Pol\u00edcia (DP), onde a ocorr\u00eancia foi registrada.<\/p>\n\n\n\n<p>O canil da Guarda Civil tem seis animais, que realizam detec\u00e7\u00e3o de entorpecentes, detec\u00e7\u00e3o de cad\u00e1ver em escombros e cinoterapia. O primeiro servi\u00e7o \u00e9 realizado por meio de a\u00e7\u00f5es pr\u00f3prias e em parceria com outras for\u00e7as de seguran\u00e7a do munic\u00edpio (pol\u00edcias Militar e Civil). S\u00f3 no m\u00eas de julho, por exemplo, foram 71 apreens\u00f5es de drogas realizadas em coopera\u00e7\u00e3o com o Grupamento de Opera\u00e7\u00f5es com C\u00e3es.<\/p>\n\n\n\n<p>&#8220;Esse \u00e9 um trabalho de excel\u00eancia feito pelo canil da Guarda, que cumpre um papel muito importante para combater o tr\u00e1fico de drogas e promover maior seguran\u00e7a no nosso munic\u00edpio&#8221;, destacou o comandante da Guarda Civil, Eliel Silveira.<\/p>\n","protected":false},"excerpt":{"rendered":"<p>Uma a\u00e7\u00e3o do Grupamento de Opera\u00e7\u00f5es com C\u00e3es da Guarda Civil Municipal terminou com apreens\u00e3o<\/p>\n","protected":false},"author":1,"featured_media":47322,"comment_status":"closed","ping_status":"open","sticky":false,"template":"","format":"standard","meta":{"spay_email":"","footnotes":"","jetpack_publicize_message":""},"categories":[2],"tags":[],"jetpack_featured_media_url":"https:\/\/i1.wp.com\/jornaldeitaipava.com.br\/wp-content\/uploads\/2025\/08\/WhatsApp-Image-2025-08-21-at-14.48.19-e1755798969981.jpeg?fit=590%2C458&ssl=1","jetpack_publicize_connections":[],"jetpack_sharing_enabled":true,"jetpack_likes_enabled":true,"jetpack-related-posts":[],"_links":{"self":[{"href":"https:\/\/jornaldeitaipava.com.br\/index.php\/wp-json\/wp\/v2\/posts\/47321"}],"collection":[{"href":"https:\/\/jornaldeitaipava.com.br\/index.php\/wp-json\/wp\/v2\/posts"}],"about":[{"href":"https:\/\/jornaldeitaipava.com.br\/index.php\/wp-json\/wp\/v2\/types\/post"}],"author":[{"embeddable":true,"href":"https:\/\/jornaldeitaipava.com.br\/index.php\/wp-json\/wp\/v2\/users\/1"}],"replies":[{"embeddable":true,"href":"https:\/\/jornaldeitaipava.com.br\/index.php\/wp-json\/wp\/v2\/comments?post=47321"}],"version-history":[{"count":1,"href":"https:\/\/jornaldeitaipava.com.br\/index.php\/wp-json\/wp\/v2\/posts\/47321\/revisions"}],"predecessor-version":[{"id":47323,"href":"https:\/\/jornaldeitaipava.com.br\/index.php\/wp-json\/wp\/v2\/posts\/47321\/revisions\/47323"}],"wp:featuredmedia":[{"embeddable":true,"href":"https:\/\/jornaldeitaipava.com.br\/index.php\/wp-json\/wp\/v2\/media\/47322"}],"wp:attachment":[{"href":"https:\/\/jornaldeitaipava.com.br\/index.php\/wp-json\/wp\/v2\/media?parent=47321"}],"wp:term":[{"taxonomy":"category","embeddable":true,"href":"https:\/\/jornaldeitaipava.com.br\/index.php\/wp-json\/wp\/v2\/categories?post=47321"},{"taxonomy":"post_tag","embeddable":true,"href":"https:\/\/jornaldeitaipava.com.br\/index.php\/wp-json\/wp\/v2\/tags?post=47321"}],"curies":[{"name":"wp","href":"https:\/\/api.w.org\/{rel}","templated":true}]}}