{"id":47325,"date":"2025-08-21T14:58:45","date_gmt":"2025-08-21T17:58:45","guid":{"rendered":"http:\/\/jornaldeitaipava.com.br\/?p=47325"},"modified":"2025-08-21T14:58:50","modified_gmt":"2025-08-21T17:58:50","slug":"mostra-cine-de-cinema-brasileira-apresenta-mais-de-40-filmes-com-entrada-franca","status":"publish","type":"post","link":"https:\/\/jornaldeitaipava.com.br\/index.php\/2025\/08\/21\/mostra-cine-de-cinema-brasileira-apresenta-mais-de-40-filmes-com-entrada-franca\/","title":{"rendered":"Mostra Cine+ de Cinema Brasileira apresenta mais de 40 filmes com entrada franca"},"content":{"rendered":"\n<p class=\"has-text-align-center\"><strong>Sala p\u00fablica de cinema de Areal recebe 40 curtas de diversas regi\u00f5es do pa\u00eds<\/strong><\/p>\n\n\n\n<p>Durante seis semanas, o CINE+: Cultura, Educa\u00e7\u00e3o e Sustentabilidade abre sua sala multiuso em Areal, no espa\u00e7o onde funcionava a esta\u00e7\u00e3o ferrovi\u00e1ria, para a 1\u00aa. Mostra Cine+ de Cinema Brasileiro. As exibi\u00e7\u00f5es de 40 curtas seguem at\u00e9 dia 25 de setembro em salas p\u00fablicas de cinemas de Guapimirim, Casimiro de Abreu, Paraty e Itaocara, al\u00e9m da cearense Itapipoca. Todas as sess\u00f5es t\u00eam entrada franca.<\/p>\n\n\n\n<p>Realizada pela primeira vez e com patroc\u00ednio da Enel, a Mostra Cine+ tem como principal objetivo democratizar o acesso \u00e0 arte para que novos p\u00fablicos conhe\u00e7am o cinema nacional. Ap\u00f3s as sess\u00f5es, o p\u00fablico votar\u00e1 em seu curta-metragem favorito. O vencedor de cada categoria, que ser\u00e1 anunciado no dia 10 de outubro, receber\u00e1 uma premia\u00e7\u00e3o de R$ 3 mil e, assim como os demais finalistas, um certificado de participa\u00e7\u00e3o.<\/p>\n\n\n\n<p>Uma comiss\u00e3o de cineastas, cr\u00edticos, realizadores e estudantes selecionou dez filmes de cada um dos eixos tem\u00e1ticos inspirados nos Objetivos de Desenvolvimento Sustent\u00e1vel das Na\u00e7\u00f5es Unidas (ODS): Direitos e Justi\u00e7a Social, Meio Ambiente e Sustentabilidade, Inf\u00e2ncias e Educa\u00e7\u00e3o e Imagin\u00e1rios e Representa\u00e7\u00f5es, entre os 739 curtas-metragens inscritos vindos de todas as regi\u00f5es do Brasil.<\/p>\n\n\n\n<p>A expectativa \u00e9 grande e a curadoria promete uma mostra renovada e diversa. \u201cSab\u00edamos que haveria grande interesse, mas o n\u00famero de inscri\u00e7\u00f5es superou todas as nossas expectativas. A qualidade das produ\u00e7\u00f5es recebidas \u00e9 impressionante: materiais diversos e muito bem realizados\u201d, afirma Ingrid Ferreira, diretora do Instituto CINE+ e CEO da Quitanda Solu\u00e7\u00f5es Criativas.<\/p>\n\n\n\n<p>Instituto CINE+<br>Um espa\u00e7o de difus\u00e3o da arte e do audiovisual. Assim define-se o Instituto CINE+, programa inovador que visa fortalecer o setor audiovisual por meio de sess\u00f5es de cinema, apresenta\u00e7\u00f5es de v\u00e1rias linguagens art\u00edsticas (Salas da Rede Cine+) e a\u00e7\u00f5es formativas (Escola de Audiovisual).<\/p>\n\n\n\n<p>As salas p\u00fablicas de cinema do Instituto CINE+ est\u00e3o em cinco munic\u00edpios do Estado do Rio de Janeiro: Areal, Casimiro de Abreu, Guapimirim, Itaocara, Maric\u00e1 e Paraty, e em uma cidade do interior do Cear\u00e1, Itapipoca. Com pouco mais de dois anos de funcionamento, o CINE+ j\u00e1 impactou a vida de mais de 200 mil pessoas.<\/p>\n\n\n\n<p>\u201cUma das formas de conhecer a diversidade do Brasil \u00e9 pelo cinema. Por isso, \u00e9 t\u00e3o importante que popula\u00e7\u00f5es de diferentes locais tenham acesso a essas obras. A Mostra Cine+ acontece pela primeira vez, e pelos curtas selecionados, acreditamos que vai ser um sucesso\u201d, comenta Leonardo Soares, respons\u00e1vel por Sustentabilidade na Enel Rio.<\/p>\n\n\n\n<p>\u201cA Mostra Cine+ \u00e9 resultado de uma curadoria que buscou promover a pluralidade da arte audiovisual realizada no Pa\u00eds. S\u00e3o 40 filmes que representam importantes propostas narrativas que contam o Brasil contempor\u00e2neo\u201d, destaca Ingrid Ferreira, diretora da Rede Cine+.<\/p>\n\n\n\n<p>A Rede CINE+ \u00e9 uma realiza\u00e7\u00e3o da Marco Zero e do Instituto CINE+ com consultoria executiva do Ibero Culturas. Conta com apoio institucional das prefeituras locais. O patroc\u00ednio \u00e9 da Enel Distribui\u00e7\u00e3o Rio e da Secretaria de Estado de Cultura e Economia Criativa do Rio de Janeiro, por meio da Lei Estadual de Incentivo \u00e0 Cultura, e o apoio institucional do Governo do Estado do Cear\u00e1, por meio da Secretaria da Cultura do Estado do Cear\u00e1.<\/p>\n\n\n\n<p>Enel Distribui\u00e7\u00e3o Rio<br>A Enel Distribui\u00e7\u00e3o Rio, subsidi\u00e1ria da multinacional italiana Enel, atende 66 munic\u00edpios do estado do Rio de Janeiro, abrangendo 73% do territ\u00f3rio estadual, com cobertura de uma \u00e1rea de 32.188 km\u00b2. A Regi\u00e3o Metropolitana de Niter\u00f3i e S\u00e3o Gon\u00e7alo e os munic\u00edpios de Itabora\u00ed e Mag\u00e9 representam a maior concentra\u00e7\u00e3o do total de 3 milh\u00f5es de clientes atendidos pela companhia. A estrat\u00e9gia de atua\u00e7\u00e3o da Enel \u00e9 baseada no seu Plano de Sustentabilidade e nos compromissos assumidos com os Objetivos de Desenvolvimento Sustent\u00e1vel da Agenda 2030 da ONU.<\/p>\n\n\n\n<p>Quitanda Solu\u00e7\u00f5es Criativas<br>Desde 2007, a Quitanda Solu\u00e7\u00f5es Criativas se destaca no desenvolvimento de tecnologias sociais nas \u00e1reas de cultura, arte e educa\u00e7\u00e3o por meio de a\u00e7\u00f5es inovadoras e sustent\u00e1veis. Com expertise em projetos do setor de Neg\u00f3cios Sociais e Economia Criativa, a Quitanda Solu\u00e7\u00f5es Criativas foi pioneira ao oferecer forma\u00e7\u00e3o aos trabalhadores da cultura, com cursos t\u00e9cnicos e de p\u00f3s-gradua\u00e7\u00e3o com o programa Laborat\u00f3rios Culturais. Ainda em seu rol de projetos transformadores, vem impactando as vidas de artistas e plateia com festivais como ELOS, Acordes do Amanh\u00e3, Rede de Dan\u00e7a, Plataforma Sinfonia do Amanh\u00e3, Escolas Criativas, CINE+ e LAB Cidades Criativas.<\/p>\n\n\n\n<p>PROGRAMA\u00c7\u00c3O:<\/p>\n\n\n\n<p>\u25cf SEMANA 1 | 21 a 23.08<\/p>\n\n\n\n<p>Dia 21, quinta-feira<\/p>\n\n\n\n<p>18h | MEIO AMBIENTE E SUSTENTABILIDADE | PROGRAMA 01 | TEMPO &#8211; 1H14<br>A Chuva do Caju (GO e DF) | 20\u201958\u201d<br>Canto da Resist\u00eancia: o Periquito-cara-suja e a luta contra a extin\u00e7\u00e3o (CE) | 10\u201927\u201d<br>Agora que tudo est\u00e1 acabado (BA) | 20\u2019<br>Correnteza (RS) | 7\u201958\u201d<br>Consumidos (GO) | 15\u201955\u201d<\/p>\n\n\n\n<p>Dia 22, sexta-feira<\/p>\n\n\n\n<p>18h | DIREITOS E JUSTI\u00c7A SOCIAL | PROGRAMA 01 | TEMPO &#8211; 1h30<br>Al\u00e9m do Dom (SP) | 15\u2019<br>Flor de Murur\u00e9 (PA) | 10\u2019<br>In &#8211; Nil\u00e8 (BA) | 24\u201901\u201d<br>Mergulho (SP) | 15\u201946\u201d<br>Monstro da Fome (SP) | 16\u2019<br>Os Finais de Domingos (CE) | 8\u201909\u201d<\/p>\n\n\n\n<p>Dia 23, s\u00e1bado<\/p>\n\n\n\n<p>16h | IMAGIN\u00c1RIOS E REPRESENTA\u00c7\u00d5ES | PROGRAMA 01 | TEMPO &#8211; 1h29<br>A Casa Amarela (PR) | 14\u201922\u201d<br>Como chorar sem derreter (RJ) | 14\u201954\u201d<br>Desde crian\u00e7a eu sempre quis morar no rio (RJ) | 21\u201946\u201d<br>Gorro Vermelho na Lua Cheia (SP) | 19\u201938\u201d<br>Kila &amp; Mauna (CE) | 19\u2019<\/p>\n\n\n\n<p>Dia 28, quinta-feira<\/p>\n\n\n\n<p>9h | INF\u00c2NCIAS E EDUCA\u00c7\u00c3O | PROGRAMA 02 | TEMPO &#8211; 1H08<br>Meu Nome \u00e9 Maalum (RJ) | 7\u201953\u201d<br>Pipa e As Ru\u00ednas do Tesouro (RJ) | 23\u201937\u201d<br>No in\u00edcio do Mundo (CE) | 7\u201946\u201d<br>O Melhor Som do Mundo (SP) | 13\u2019<br>Queimando por Dentro (PE) | 16\u201936\u201d<\/p>\n\n\n\n<p>14h | INF\u00c2NCIAS E EDUCA\u00c7\u00c3O | PROGRAMA 01 | TEMPO &#8211; 1H13<br>Cansei de ser monstro (RJ) | 12\u2019\u20196\u201d<br>Carrinho de Rolim\u00e3 &#8211; Uma aventura em alta velocidade (PA) | 15\u2019<br>Dezesseis (MT) | 24\u201947\u201d<br>Homofonia (SP) | 10\u201918<br>L\u00e1 na Frente (PE) | 10\u201907\u201d<\/p>\n\n\n\n<p>\u25cf SEMANA 3 | 04 a 06.09<\/p>\n\n\n\n<p>Dia 04\/09 \u2013 quinta-feira<\/p>\n\n\n\n<p>9h | INF\u00c2NCIAS E EDUCA\u00c7\u00c3O | PROGRAMA 01 | TEMPO &#8211; 1H13<br>Cansei de ser monstro (RJ) | 12\u2019\u20196\u201d<br>Carrinho de Rolim\u00e3 &#8211; Uma aventura em alta velocidade (PA) | 15\u2019<br>Dezesseis (MT) | 24\u201947\u201d<br>Homofonia (SP) | 10\u201918<br>L\u00e1 na Frente (PE) | 10\u201907\u201d<\/p>\n\n\n\n<p>14h | INF\u00c2NCIAS E EDUCA\u00c7\u00c3O | PROGRAMA 02 | TEMPO &#8211; 1H08<br>Meu Nome \u00e9 Maalum (RJ) | 7\u201953\u201d<br>Pipa e As Ru\u00ednas do Tesouro (RJ) | 23\u201937\u201d<br>No in\u00edcio do Mundo (CE) | 7\u201946\u201d<br>O Melhor Som do Mundo (SP) | 13\u2019<br>Queimando por Dentro (PE) | 16\u201936\u201d<\/p>\n\n\n\n<p>18h | MEIO AMBIENTE E SUSTENTABILIDADE | PROGRAMA 02 | 1H13<br>Dourado (RJ) | 19\u2019 |<br>Inspira com Ailton Krenak (SP) | 7\u20197\u201d |<br>Entre ra\u00edzes (RJ) | 24\u201911\u201d<br>UMASSUMA &#8211; Lascas de Mem\u00f3rias (PA) | 7\u201935\u201d |<br>Mem\u00f3rias Culin\u00e1rias do Quilombo Ausente Feliz (MG) | 14\u201958\u201d |<\/p>\n\n\n\n<p>Dia 05\/09, sexta-feira<\/p>\n\n\n\n<p>18h | DIREITOS E JUSTI\u00c7A SOCIAL | PROGRAMA 02 | TEMPO &#8211; 1h35<br>O Menino da Moeda (SP) | 23\u201936\u201d<br>O Som da Pele (PE) | 22\u2019<br>Ra\u00edzes Quilombolas (RJ) | 25\u201932\u201d<br>Z\u00e9 Tonho (SP) | 25\u2019<\/p>\n\n\n\n<p>Dia 06\/09, s\u00e1bado<\/p>\n\n\n\n<p>16h | IMAGIN\u00c1RIOS E REPRESENTA\u00c7\u00d5ES | PROGRAMA 02 | TEMPO &#8211; 1h15<br>O Leve Bailar das Borboletas (SP) | 15\u2019<br>Quase a tempo (RJ) | 16\u201916\u201d<br>Tsuru (BA) | 6\u201913\u201d<br>Vermelho de bolinhas (CE) | 19\u201916\u201d<br>Visagens e Vis\u00f5es (PA) | 18\u201959\u201d<\/p>\n\n\n\n<p>\u25cf SEMANA 4 | 11.09<\/p>\n\n\n\n<p>Dia 11\/09, quinta-feira<\/p>\n\n\n\n<p>9h | INF\u00c2NCIAS E EDUCA\u00c7\u00c3O | PROGRAMA 02 | TEMPO &#8211; 1H08<br>Meu Nome \u00e9 Maalum (RJ) | 7\u201953\u201d<br>Pipa e As Ru\u00ednas do Tesouro (RJ) | 23\u201937\u201d<br>No in\u00edcio do Mundo (CE) | 7\u201946\u201d<br>O Melhor Som do Mundo (SP) | 13\u2019<br>Queimando por Dentro (PE) | 16\u201936\u201d<\/p>\n\n\n\n<p>14h | INF\u00c2NCIAS E EDUCA\u00c7\u00c3O | PROGRAMA 01 | TEMPO &#8211; 1H13<br>Cansei de ser monstro (RJ) | 12\u2019\u20196\u201d<br>Carrinho de Rolim\u00e3 &#8211; Uma aventura em alta velocidade (PA) | 15\u2019<br>Dezesseis (MT) | 24\u201947\u201d<br>Homofonia (SP) | 10\u201918<br>L\u00e1 na Frente (PE) | 10\u201907\u201d<\/p>\n\n\n\n<p>\u25cf SEMANA 5 | 18.09<\/p>\n\n\n\n<p>Dia 18\/09, quinta-feira<\/p>\n\n\n\n<p>9h | INF\u00c2NCIAS E EDUCA\u00c7\u00c3O | PROGRAMA 01 | TEMPO &#8211; 1H13<br>Cansei de ser monstro (RJ) | 12\u2019\u20196\u201d<br>Carrinho de Rolim\u00e3 &#8211; Uma aventura em alta velocidade (PA) | 15\u2019<br>Dezesseis (MT) | 24\u201947\u201d<br>Homofonia (SP) | 10\u201918<br>L\u00e1 na Frente (PE) | 10\u201907\u201d<\/p>\n\n\n\n<p>14h | INF\u00c2NCIAS E EDUCA\u00c7\u00c3O | PROGRAMA 02 | TEMPO &#8211; 1H08<br>Meu Nome \u00e9 Maalum (RJ) | 7\u201953\u201d<br>Pipa e As Ru\u00ednas do Tesouro (RJ) | 23\u201937\u201d<br>No in\u00edcio do Mundo (CE) | 7\u201946\u201d<br>O Melhor Som do Mundo (SP) | 13\u2019<br>Queimando por Dentro (PE) | 16\u201936\u201d<\/p>\n\n\n\n<p>\u25cf SEMANA 6 | 25.09<\/p>\n\n\n\n<p>Dia 25\/09, quinta-feira:<br>9h | INF\u00c2NCIAS E EDUCA\u00c7\u00c3O | PROGRAMA 02 | TEMPO &#8211; 1H08<br>Meu Nome \u00e9 Maalum (RJ) | 7\u201953\u201d<br>Pipa e As Ru\u00ednas do Tesouro (RJ) | 23\u201937\u201d<br>No in\u00edcio do Mundo (CE) | 7\u201946\u201d<br>O Melhor Som do Mundo (SP) | 13\u2019<br>Queimando por Dentro (PE) | 16\u201936\u201d<\/p>\n\n\n\n<p>14h | INF\u00c2NCIAS E EDUCA\u00c7\u00c3O | PROGRAMA 01 | TEMPO &#8211; 1H13<br>Cansei de ser monstro (RJ) | 12\u2019\u20196\u201d<br>Carrinho de Rolim\u00e3 &#8211; Uma aventura em alta velocidade (PA) | 15\u2019<br>Dezesseis (MT) | 24\u201947\u201d<br>Homofonia (SP) | 10\u201918<br>L\u00e1 na Frente (PE) | 10\u201907\u201d<\/p>\n\n\n\n<p><strong>SERVI\u00c7O:<br><\/strong>Site: <a href=\"https:\/\/cinemais.art.br\/\" target=\"_blank\" rel=\"noreferrer noopener\">https:\/\/cinemais.art.br\/<\/a><br>CINE+ AREAL<br>Rua Nicanor Garcia da Rosa, 197 &#8211; antiga esta\u00e7\u00e3o ferrovi\u00e1ria<br>Capacidade: 100 lugares<br>Classifica\u00e7\u00e3o Indicativa em @institutocinemais no Instagram<br>Entrada franca sujeita \u00e0 lota\u00e7\u00e3o<\/p>\n","protected":false},"excerpt":{"rendered":"<p>Sala p\u00fablica de cinema de Areal recebe 40 curtas de diversas regi\u00f5es do pa\u00eds Durante<\/p>\n","protected":false},"author":1,"featured_media":47326,"comment_status":"closed","ping_status":"open","sticky":false,"template":"","format":"standard","meta":{"spay_email":"","footnotes":"","jetpack_publicize_message":""},"categories":[1],"tags":[],"jetpack_featured_media_url":"https:\/\/i0.wp.com\/jornaldeitaipava.com.br\/wp-content\/uploads\/2025\/08\/WhatsApp-Image-2025-08-21-at-12.13.50.jpeg?fit=1068%2C668&ssl=1","jetpack_publicize_connections":[],"jetpack_sharing_enabled":true,"jetpack_likes_enabled":true,"jetpack-related-posts":[],"_links":{"self":[{"href":"https:\/\/jornaldeitaipava.com.br\/index.php\/wp-json\/wp\/v2\/posts\/47325"}],"collection":[{"href":"https:\/\/jornaldeitaipava.com.br\/index.php\/wp-json\/wp\/v2\/posts"}],"about":[{"href":"https:\/\/jornaldeitaipava.com.br\/index.php\/wp-json\/wp\/v2\/types\/post"}],"author":[{"embeddable":true,"href":"https:\/\/jornaldeitaipava.com.br\/index.php\/wp-json\/wp\/v2\/users\/1"}],"replies":[{"embeddable":true,"href":"https:\/\/jornaldeitaipava.com.br\/index.php\/wp-json\/wp\/v2\/comments?post=47325"}],"version-history":[{"count":1,"href":"https:\/\/jornaldeitaipava.com.br\/index.php\/wp-json\/wp\/v2\/posts\/47325\/revisions"}],"predecessor-version":[{"id":47327,"href":"https:\/\/jornaldeitaipava.com.br\/index.php\/wp-json\/wp\/v2\/posts\/47325\/revisions\/47327"}],"wp:featuredmedia":[{"embeddable":true,"href":"https:\/\/jornaldeitaipava.com.br\/index.php\/wp-json\/wp\/v2\/media\/47326"}],"wp:attachment":[{"href":"https:\/\/jornaldeitaipava.com.br\/index.php\/wp-json\/wp\/v2\/media?parent=47325"}],"wp:term":[{"taxonomy":"category","embeddable":true,"href":"https:\/\/jornaldeitaipava.com.br\/index.php\/wp-json\/wp\/v2\/categories?post=47325"},{"taxonomy":"post_tag","embeddable":true,"href":"https:\/\/jornaldeitaipava.com.br\/index.php\/wp-json\/wp\/v2\/tags?post=47325"}],"curies":[{"name":"wp","href":"https:\/\/api.w.org\/{rel}","templated":true}]}}