{"id":47328,"date":"2025-08-21T15:00:15","date_gmt":"2025-08-21T18:00:15","guid":{"rendered":"http:\/\/jornaldeitaipava.com.br\/?p=47328"},"modified":"2025-08-21T15:00:21","modified_gmt":"2025-08-21T18:00:21","slug":"prefeitura-convoca-59-familias-de-correas-para-inclusao-e-atualizacao-de-cadunico","status":"publish","type":"post","link":"https:\/\/jornaldeitaipava.com.br\/index.php\/2025\/08\/21\/prefeitura-convoca-59-familias-de-correas-para-inclusao-e-atualizacao-de-cadunico\/","title":{"rendered":"Prefeitura convoca 59 fam\u00edlias de Corr\u00eaas para inclus\u00e3o e atualiza\u00e7\u00e3o de Cad\u00danico"},"content":{"rendered":"\n<p>S\u00e3o fam\u00edlias atingidas pela chuva de abril deste ano que devem comparecer ao Cras Corr\u00eaas no pr\u00f3ximo s\u00e1bado (23\/08)<\/p>\n\n\n\n<p>A Prefeitura fez a convoca\u00e7\u00e3o de 59 fam\u00edlias que moram na regi\u00e3o de Corr\u00eaas e foram atingidas pela chuva de abril deste ano para que fa\u00e7am inclus\u00e3o ou atualiza\u00e7\u00e3o do Cadastro \u00danico (Cad\u00danico) neste s\u00e1bado (23\/08). O respons\u00e1vel pela fam\u00edlia deve comparecer ao Cras Corr\u00eaas, entre 09h e 15h, com documentos de todos membros que residem no mesmo im\u00f3vel.<\/p>\n\n\n\n<p>\u00c9 necess\u00e1rio apresentar RG, CPF, comprovante de resid\u00eancia, carteira de trabalho, comprovante de matr\u00edcula escolar de todas as pessoas que moram com o respons\u00e1vel familiar. O Cras Corr\u00eaas fica na Rua Vig\u00e1rio Corr\u00eaa, 443. O procedimento \u00e9 necess\u00e1rio para garantir acesso a benef\u00edcios sociais aos quais a fam\u00edlia possa ter direito.<\/p>\n\n\n\n<p>A lista com o nome do respons\u00e1vel familiar e o hor\u00e1rio que devem comparecer est\u00e3o no site da Prefeitura (www.petropolis.gov.rj.br). Em caso de d\u00favidas, \u00e9 poss\u00edvel entrar em contato pelo telefone: (24) 2221-0047.<\/p>\n\n\n\n<p>\u00c9 imprescind\u00edvel a presen\u00e7a do respons\u00e1vel da fam\u00edlia convocada no Cras no hor\u00e1rio marcado. \u00c9 importante ressaltar que o Cras n\u00e3o solicita fotos de documentos, senhas ou informa\u00e7\u00f5es pessoais por telefone.<\/p>\n","protected":false},"excerpt":{"rendered":"<p>S\u00e3o fam\u00edlias atingidas pela chuva de abril deste ano que devem comparecer ao Cras Corr\u00eaas<\/p>\n","protected":false},"author":1,"featured_media":10894,"comment_status":"closed","ping_status":"open","sticky":false,"template":"","format":"standard","meta":{"spay_email":"","footnotes":"","jetpack_publicize_message":""},"categories":[24],"tags":[],"jetpack_featured_media_url":"https:\/\/i0.wp.com\/jornaldeitaipava.com.br\/wp-content\/uploads\/2021\/03\/PALACIO-SERGIO-FADEL.jpg?fit=513%2C299&ssl=1","jetpack_publicize_connections":[],"jetpack_sharing_enabled":true,"jetpack_likes_enabled":true,"jetpack-related-posts":[],"_links":{"self":[{"href":"https:\/\/jornaldeitaipava.com.br\/index.php\/wp-json\/wp\/v2\/posts\/47328"}],"collection":[{"href":"https:\/\/jornaldeitaipava.com.br\/index.php\/wp-json\/wp\/v2\/posts"}],"about":[{"href":"https:\/\/jornaldeitaipava.com.br\/index.php\/wp-json\/wp\/v2\/types\/post"}],"author":[{"embeddable":true,"href":"https:\/\/jornaldeitaipava.com.br\/index.php\/wp-json\/wp\/v2\/users\/1"}],"replies":[{"embeddable":true,"href":"https:\/\/jornaldeitaipava.com.br\/index.php\/wp-json\/wp\/v2\/comments?post=47328"}],"version-history":[{"count":1,"href":"https:\/\/jornaldeitaipava.com.br\/index.php\/wp-json\/wp\/v2\/posts\/47328\/revisions"}],"predecessor-version":[{"id":47329,"href":"https:\/\/jornaldeitaipava.com.br\/index.php\/wp-json\/wp\/v2\/posts\/47328\/revisions\/47329"}],"wp:featuredmedia":[{"embeddable":true,"href":"https:\/\/jornaldeitaipava.com.br\/index.php\/wp-json\/wp\/v2\/media\/10894"}],"wp:attachment":[{"href":"https:\/\/jornaldeitaipava.com.br\/index.php\/wp-json\/wp\/v2\/media?parent=47328"}],"wp:term":[{"taxonomy":"category","embeddable":true,"href":"https:\/\/jornaldeitaipava.com.br\/index.php\/wp-json\/wp\/v2\/categories?post=47328"},{"taxonomy":"post_tag","embeddable":true,"href":"https:\/\/jornaldeitaipava.com.br\/index.php\/wp-json\/wp\/v2\/tags?post=47328"}],"curies":[{"name":"wp","href":"https:\/\/api.w.org\/{rel}","templated":true}]}}