{"id":47330,"date":"2025-08-21T15:01:32","date_gmt":"2025-08-21T18:01:32","guid":{"rendered":"http:\/\/jornaldeitaipava.com.br\/?p=47330"},"modified":"2025-08-21T15:01:35","modified_gmt":"2025-08-21T18:01:35","slug":"prefeitura-e-corpo-de-bombeiros-fazem-vistoria-para-simulado-que-acontece-em-setembro","status":"publish","type":"post","link":"https:\/\/jornaldeitaipava.com.br\/index.php\/2025\/08\/21\/prefeitura-e-corpo-de-bombeiros-fazem-vistoria-para-simulado-que-acontece-em-setembro\/","title":{"rendered":"Prefeitura e Corpo de Bombeiros fazem vistoria para simulado que acontece em setembro"},"content":{"rendered":"\n<p class=\"has-text-align-center\"><strong>Equipes visitaram \u00e1reas do Vila Felipe para realiza\u00e7\u00e3o do treinamento<\/strong><\/p>\n\n\n\n<p>Equipes da Defesa Civil, Samu, Guarda Civil Municipal (GCM) e Corpo de Bombeiros estiveram nesta quarta-feira (20\/08), no Vila Felipe, para vistorias nas \u00e1reas que receber\u00e3o as a\u00e7\u00f5es do simulado de chuva forte, que acontece no dia 10 de setembro. O treinamento vai contar com a emiss\u00e3o de mensagem do sistema Defesa Civil Alerta \u2013 Cell Broadcast, toque de sirenes, abertura do ponto de apoio e simula\u00e7\u00e3o de atendimentos de emerg\u00eancias.<\/p>\n\n\n\n<p>A realiza\u00e7\u00e3o do simulado faz parte das a\u00e7\u00f5es da Prefeitura de prepara\u00e7\u00e3o da cidade para o ver\u00e3o. V\u00e3o participar do treinamento equipes da Defesa Civil de Petr\u00f3polis; das secretarias de Educa\u00e7\u00e3o, Sa\u00fade e Assist\u00eancia Social; da Guarda Civil Municipal (GCM); da Coordenadoria de Bem-Estar-Animal (Cobea); do Servi\u00e7o M\u00f3vel de Urg\u00eancia (Samu); do Corpo de Bombeiros e da Defesa Civil Nacional.<\/p>\n\n\n\n<p>\u201c\u00c9 importante essa vistoria na regi\u00e3o onde o simulado vai acontecer para que o Corpo de Bombeiros identifique o melhor local para fazer o treinamento de socorro, assim com o Samu. Tamb\u00e9m \u00e9 importante para a Guarda identificar os locais que v\u00e3o precisar ser fechados ao tr\u00e2nsito para garantir a seguran\u00e7a dos moradores. O simulado de chuva \u00e9 uma prepara\u00e7\u00e3o fundamental tanto para a comunidade, para que saiba agir em um momento de emerg\u00eancia, quanto para as equipes de socorro e de respostas saberem quais medidas devem ser adotadas\u201d, ressaltou o secret\u00e1rio de Prote\u00e7\u00e3o e Defesa Civil, Guilherme de Moraes.<\/p>\n\n\n\n<p>O treinamento vai simular um cen\u00e1rio de aproxima\u00e7\u00e3o de frente fria, com previs\u00e3o de chuva forte para a regi\u00e3o do Vila Felipe. E para o uso da tecnologia Cell Broadcast foi tra\u00e7ado um pol\u00edgomo para que n\u00e3o haja p\u00e2nico em toda a cidade. \u201cVamos tamb\u00e9m fazer reuni\u00f5es com os Nudecs Vila Felipe e Campinho, para que os moradores fiquem preparados e mobilizados para o dia do simulado\u201d, explicou o secret\u00e1rio.<\/p>\n","protected":false},"excerpt":{"rendered":"<p>Equipes visitaram \u00e1reas do Vila Felipe para realiza\u00e7\u00e3o do treinamento Equipes da Defesa Civil, Samu,<\/p>\n","protected":false},"author":1,"featured_media":47331,"comment_status":"closed","ping_status":"open","sticky":false,"template":"","format":"standard","meta":{"spay_email":"","footnotes":"","jetpack_publicize_message":""},"categories":[24],"tags":[],"jetpack_featured_media_url":"https:\/\/i1.wp.com\/jornaldeitaipava.com.br\/wp-content\/uploads\/2025\/08\/WhatsApp-Image-2025-08-21-at-09.57.57.jpeg?fit=1280%2C960&ssl=1","jetpack_publicize_connections":[],"jetpack_sharing_enabled":true,"jetpack_likes_enabled":true,"jetpack-related-posts":[],"_links":{"self":[{"href":"https:\/\/jornaldeitaipava.com.br\/index.php\/wp-json\/wp\/v2\/posts\/47330"}],"collection":[{"href":"https:\/\/jornaldeitaipava.com.br\/index.php\/wp-json\/wp\/v2\/posts"}],"about":[{"href":"https:\/\/jornaldeitaipava.com.br\/index.php\/wp-json\/wp\/v2\/types\/post"}],"author":[{"embeddable":true,"href":"https:\/\/jornaldeitaipava.com.br\/index.php\/wp-json\/wp\/v2\/users\/1"}],"replies":[{"embeddable":true,"href":"https:\/\/jornaldeitaipava.com.br\/index.php\/wp-json\/wp\/v2\/comments?post=47330"}],"version-history":[{"count":1,"href":"https:\/\/jornaldeitaipava.com.br\/index.php\/wp-json\/wp\/v2\/posts\/47330\/revisions"}],"predecessor-version":[{"id":47332,"href":"https:\/\/jornaldeitaipava.com.br\/index.php\/wp-json\/wp\/v2\/posts\/47330\/revisions\/47332"}],"wp:featuredmedia":[{"embeddable":true,"href":"https:\/\/jornaldeitaipava.com.br\/index.php\/wp-json\/wp\/v2\/media\/47331"}],"wp:attachment":[{"href":"https:\/\/jornaldeitaipava.com.br\/index.php\/wp-json\/wp\/v2\/media?parent=47330"}],"wp:term":[{"taxonomy":"category","embeddable":true,"href":"https:\/\/jornaldeitaipava.com.br\/index.php\/wp-json\/wp\/v2\/categories?post=47330"},{"taxonomy":"post_tag","embeddable":true,"href":"https:\/\/jornaldeitaipava.com.br\/index.php\/wp-json\/wp\/v2\/tags?post=47330"}],"curies":[{"name":"wp","href":"https:\/\/api.w.org\/{rel}","templated":true}]}}