{"id":47333,"date":"2025-08-22T12:48:35","date_gmt":"2025-08-22T15:48:35","guid":{"rendered":"http:\/\/jornaldeitaipava.com.br\/?p=47333"},"modified":"2025-08-22T12:48:47","modified_gmt":"2025-08-22T15:48:47","slug":"cptrans-inicia-fase-de-testes-de-controladores-de-velocidade-moveis","status":"publish","type":"post","link":"https:\/\/jornaldeitaipava.com.br\/index.php\/2025\/08\/22\/cptrans-inicia-fase-de-testes-de-controladores-de-velocidade-moveis\/","title":{"rendered":"CPTrans inicia fase de testes de controladores de velocidade m\u00f3veis"},"content":{"rendered":"\n<p>O equipamento vai coletar dados para planejamento de interven\u00e7\u00f5es na mobilidade urbana<\/p>\n\n\n\n<p>A Companhia Petropolitana de Tr\u00e2nsito e Transportes &#8211; CPTrans come\u00e7ou esta semana a fase de testes com controladores de velocidade m\u00f3veis. O equipamento, tamb\u00e9m conhecido como \u201canjinho\u201d, vai mostrar a velocidade que os ve\u00edculos trafegam e vai ajudar na coleta de dados para planejamento de interven\u00e7\u00f5es na mobilidade urbana.<\/p>\n\n\n\n<p>\u201c\u00c9 uma ferramenta importante para fornecer dados t\u00e9cnicos que v\u00e3o estruturar a tomada de decis\u00e3o nas pol\u00edticas de mobilidade urbana. Com as informa\u00e7\u00f5es podemos definir a necessidade de instala\u00e7\u00e3o de equipamentos como lombada ou faixa elevada, ou se \u00e9 preciso mudar a sinaliza\u00e7\u00e3o ou reduzir a velocidade limite\u201d, pontou o presidente da CPTrans, Luciano Moreira.<\/p>\n\n\n\n<p>Nesta quinta-feira (21), um dos testes foi realizado na Avenida Bar\u00e3o do Rio Branco. O equipamento j\u00e1 estava posicionado em outras vias da cidade e seguir\u00e1 em teste pelas pr\u00f3ximas semanas. O controlador m\u00f3vel capta pelos sensores a velocidade do ve\u00edculo, que \u00e9 mostrada em um painel, indicando se est\u00e1 dentro do limite permitido pela via.<\/p>\n\n\n\n<p>\u201cEsse equipamento m\u00f3vel vai ser importante no dia a dia das opera\u00e7\u00f5es do tr\u00e2nsito na cidade\u201d, explicou o presidente da CPTrans, Luciano Moreira, lembrando que em 2021, a Companhia usou controladores de velocidade fixos, na Washington Luiz e no Bingen.<\/p>\n","protected":false},"excerpt":{"rendered":"<p>O equipamento vai coletar dados para planejamento de interven\u00e7\u00f5es na mobilidade urbana A Companhia Petropolitana<\/p>\n","protected":false},"author":1,"featured_media":47334,"comment_status":"closed","ping_status":"open","sticky":false,"template":"","format":"standard","meta":{"spay_email":"","footnotes":"","jetpack_publicize_message":""},"categories":[2],"tags":[],"jetpack_featured_media_url":"https:\/\/i0.wp.com\/jornaldeitaipava.com.br\/wp-content\/uploads\/2025\/08\/WhatsApp-Image-2025-08-21-at-17.30.03.jpeg?fit=1600%2C1200&ssl=1","jetpack_publicize_connections":[],"jetpack_sharing_enabled":true,"jetpack_likes_enabled":true,"jetpack-related-posts":[],"_links":{"self":[{"href":"https:\/\/jornaldeitaipava.com.br\/index.php\/wp-json\/wp\/v2\/posts\/47333"}],"collection":[{"href":"https:\/\/jornaldeitaipava.com.br\/index.php\/wp-json\/wp\/v2\/posts"}],"about":[{"href":"https:\/\/jornaldeitaipava.com.br\/index.php\/wp-json\/wp\/v2\/types\/post"}],"author":[{"embeddable":true,"href":"https:\/\/jornaldeitaipava.com.br\/index.php\/wp-json\/wp\/v2\/users\/1"}],"replies":[{"embeddable":true,"href":"https:\/\/jornaldeitaipava.com.br\/index.php\/wp-json\/wp\/v2\/comments?post=47333"}],"version-history":[{"count":1,"href":"https:\/\/jornaldeitaipava.com.br\/index.php\/wp-json\/wp\/v2\/posts\/47333\/revisions"}],"predecessor-version":[{"id":47335,"href":"https:\/\/jornaldeitaipava.com.br\/index.php\/wp-json\/wp\/v2\/posts\/47333\/revisions\/47335"}],"wp:featuredmedia":[{"embeddable":true,"href":"https:\/\/jornaldeitaipava.com.br\/index.php\/wp-json\/wp\/v2\/media\/47334"}],"wp:attachment":[{"href":"https:\/\/jornaldeitaipava.com.br\/index.php\/wp-json\/wp\/v2\/media?parent=47333"}],"wp:term":[{"taxonomy":"category","embeddable":true,"href":"https:\/\/jornaldeitaipava.com.br\/index.php\/wp-json\/wp\/v2\/categories?post=47333"},{"taxonomy":"post_tag","embeddable":true,"href":"https:\/\/jornaldeitaipava.com.br\/index.php\/wp-json\/wp\/v2\/tags?post=47333"}],"curies":[{"name":"wp","href":"https:\/\/api.w.org\/{rel}","templated":true}]}}