{"id":47336,"date":"2025-08-22T12:52:39","date_gmt":"2025-08-22T15:52:39","guid":{"rendered":"http:\/\/jornaldeitaipava.com.br\/?p=47336"},"modified":"2025-08-22T12:52:57","modified_gmt":"2025-08-22T15:52:57","slug":"casa-de-petropolis-abre-agenda-para-ensaios-fotograficos","status":"publish","type":"post","link":"https:\/\/jornaldeitaipava.com.br\/index.php\/2025\/08\/22\/casa-de-petropolis-abre-agenda-para-ensaios-fotograficos\/","title":{"rendered":"Casa de Petr\u00f3polis abre agenda para ensaios fotogr\u00e1ficos"},"content":{"rendered":"\n<p class=\"has-text-align-center\"><strong>Patrim\u00f4nio hist\u00f3rico disponibiliza sal\u00f5es e jardins para casamentos, debutantes, editoriais e produ\u00e7\u00f5es audiovisuais<\/strong><\/p>\n\n\n\n<p>A Casa de Petr\u00f3polis Instituto de Cultura abriu a agenda de ensaios fotogr\u00e1ficos mediante reserva. O casar\u00e3o conhecido pela arquitetura vitoriana, pelos sal\u00f5es decorados e pelos jardins de \u00e9poca, j\u00e1 utilizado como loca\u00e7\u00e3o de novelas, passa a receber casais, debutantes, fam\u00edlias, artistas, marcas e produtoras para sess\u00f5es com acompanhamento da equipe da institui\u00e7\u00e3o. A loca\u00e7\u00e3o \u00e9 paga e a receita contribui para a manuten\u00e7\u00e3o do im\u00f3vel e de suas atividades culturais.<br>Com ambientes preservados e ilumina\u00e7\u00e3o natural abundante, o espa\u00e7o oferece cen\u00e1rios distintos para diferentes propostas. Na \u00e1rea externa, o jardim comp\u00f5e enquadramentos com vegeta\u00e7\u00e3o, esculturas e a fachada assim\u00e9trica. No interior, sal\u00f5es, escadarias e detalhes de marcenaria e estuque atendem desde retratos autorais at\u00e9 editoriais de moda e campanhas publicit\u00e1rias.<br>Os agendamentos s\u00e3o realizados com anteced\u00eancia e seguem normas de conserva\u00e7\u00e3o. A institui\u00e7\u00e3o orienta sobre rotas de circula\u00e7\u00e3o, uso dos ambientes e limites de equipe, garantindo a prote\u00e7\u00e3o do acervo e a seguran\u00e7a de visitantes e profissionais. Pacotes para \u00e1reas internas e externas est\u00e3o dispon\u00edveis, com tempo de sess\u00e3o e n\u00famero de participantes definidos pela reserva.<br>Al\u00e9m das loca\u00e7\u00f5es, a Casa de Petr\u00f3polis mant\u00e9m programa\u00e7\u00e3o de visitas e a\u00e7\u00f5es educativas. A abertura para ensaios fortalece a rela\u00e7\u00e3o entre cultura e economia criativa na cidade, ampliando as formas de frui\u00e7\u00e3o do patrim\u00f4nio e gerando recursos para sua preserva\u00e7\u00e3o.<\/p>\n\n\n\n<p><strong>Servi\u00e7o<\/strong><br>Casa de Petr\u00f3polis Instituto de Cultura<br>Avenida Ipiranga, 716, Centro Hist\u00f3rico, Petr\u00f3polis<br>Reservas e informa\u00e7\u00f5es<br>contato@culturacasadepetropolis.com.br<\/p>\n","protected":false},"excerpt":{"rendered":"<p>Patrim\u00f4nio hist\u00f3rico disponibiliza sal\u00f5es e jardins para casamentos, debutantes, editoriais e produ\u00e7\u00f5es audiovisuais A Casa<\/p>\n","protected":false},"author":1,"featured_media":47337,"comment_status":"closed","ping_status":"open","sticky":false,"template":"","format":"standard","meta":{"spay_email":"","footnotes":"","jetpack_publicize_message":""},"categories":[2],"tags":[],"jetpack_featured_media_url":"https:\/\/i2.wp.com\/jornaldeitaipava.com.br\/wp-content\/uploads\/2025\/08\/CAM2-0712-scaled.jpg?fit=2560%2C1707&ssl=1","jetpack_publicize_connections":[],"jetpack_sharing_enabled":true,"jetpack_likes_enabled":true,"jetpack-related-posts":[],"_links":{"self":[{"href":"https:\/\/jornaldeitaipava.com.br\/index.php\/wp-json\/wp\/v2\/posts\/47336"}],"collection":[{"href":"https:\/\/jornaldeitaipava.com.br\/index.php\/wp-json\/wp\/v2\/posts"}],"about":[{"href":"https:\/\/jornaldeitaipava.com.br\/index.php\/wp-json\/wp\/v2\/types\/post"}],"author":[{"embeddable":true,"href":"https:\/\/jornaldeitaipava.com.br\/index.php\/wp-json\/wp\/v2\/users\/1"}],"replies":[{"embeddable":true,"href":"https:\/\/jornaldeitaipava.com.br\/index.php\/wp-json\/wp\/v2\/comments?post=47336"}],"version-history":[{"count":1,"href":"https:\/\/jornaldeitaipava.com.br\/index.php\/wp-json\/wp\/v2\/posts\/47336\/revisions"}],"predecessor-version":[{"id":47338,"href":"https:\/\/jornaldeitaipava.com.br\/index.php\/wp-json\/wp\/v2\/posts\/47336\/revisions\/47338"}],"wp:featuredmedia":[{"embeddable":true,"href":"https:\/\/jornaldeitaipava.com.br\/index.php\/wp-json\/wp\/v2\/media\/47337"}],"wp:attachment":[{"href":"https:\/\/jornaldeitaipava.com.br\/index.php\/wp-json\/wp\/v2\/media?parent=47336"}],"wp:term":[{"taxonomy":"category","embeddable":true,"href":"https:\/\/jornaldeitaipava.com.br\/index.php\/wp-json\/wp\/v2\/categories?post=47336"},{"taxonomy":"post_tag","embeddable":true,"href":"https:\/\/jornaldeitaipava.com.br\/index.php\/wp-json\/wp\/v2\/tags?post=47336"}],"curies":[{"name":"wp","href":"https:\/\/api.w.org\/{rel}","templated":true}]}}