{"id":49092,"date":"2025-12-01T17:31:54","date_gmt":"2025-12-01T20:31:54","guid":{"rendered":"http:\/\/jornaldeitaipava.com.br\/?p=49092"},"modified":"2025-12-01T17:31:57","modified_gmt":"2025-12-01T20:31:57","slug":"casa-de-cultura-afro-serra-realiza-programacao-gratuita-com-oficinas-contacao-de-historias-e-cinema","status":"publish","type":"post","link":"https:\/\/jornaldeitaipava.com.br\/index.php\/2025\/12\/01\/casa-de-cultura-afro-serra-realiza-programacao-gratuita-com-oficinas-contacao-de-historias-e-cinema\/","title":{"rendered":"Casa de Cultura Afro Serra realiza programa\u00e7\u00e3o gratuita com oficinas, conta\u00e7\u00e3o de hist\u00f3rias e cinema"},"content":{"rendered":"\n<p>O Projeto \u201cFomento a Casa de Cultura Afro Serra\u201d promove, na quarta-feira (03\/12), uma programa\u00e7\u00e3o especial destinada \u00e0s Mulheres do Projeto Esperan\u00e7ar \u2013 Casa da Cidadania, em Petr\u00f3polis. A iniciativa \u00e9 realizada pela produtora cultural Monica Valverde e pelo coletivo Afro Serra, com apoio do Governo Federal e de institui\u00e7\u00f5es municipais, por meio de recursos da Pol\u00edtica Nacional Aldir Blanc (PNAB).<br>A equipe art\u00edstica \u00e9 formada por Deivid Preceito, Eva Lucia Casciano, Maria Eduarda Lacerda e Hillary Ribeiro, com produ\u00e7\u00e3o de Monica Valverde. A a\u00e7\u00e3o tem o apoio do Instituto Municipal de Cultura, do Fundo de Cultura e da Secretaria Municipal de Educa\u00e7\u00e3o.<\/p>\n\n\n\n<p>Programa\u00e7\u00e3o<\/p>\n\n\n\n<ul>\n<li><strong>Oficinas de Jongo<\/strong> \u2013 m\u00fasica, toques e passos da tradicional manifesta\u00e7\u00e3o afro-brasileira.<\/li>\n\n\n\n<li><strong>Conta\u00e7\u00e3o de hist\u00f3rias<\/strong> \u2013 conduzida por Eva Lucia Casciano, com foco na cole\u00e7\u00e3o <em>Livros Gri\u00f4s da Tapera<\/em>, de Sinaria Rubia.<\/li>\n\n\n\n<li><strong>Cinema Afro-Brasileiro<\/strong> \u2013 exibi\u00e7\u00e3o de um mini document\u00e1rio.<\/li>\n<\/ul>\n\n\n\n<p>As atividades t\u00eam o objetivo de gratuitamente difundir a cultura afro-brasileira para o p\u00fablico petropolitano, fortalecendo o trabalho que o Afro Serra realiza h\u00e1 12 anos na cidade. O coletivo, certificado em 2024 pelo Minist\u00e9rio da Cultura como Ponto de Cultura, mant\u00e9m sua sede no bairro Mosela e atua na preserva\u00e7\u00e3o de tradi\u00e7\u00f5es como o Jongo, reconhecido como patrim\u00f4nio imaterial pelo IPHAN.<\/p>\n\n\n\n<p>Informa\u00e7\u00f5es e inscri\u00e7\u00f5es: Telefone\/WhatsApp: (24) 9 8189-3999.<\/p>\n","protected":false},"excerpt":{"rendered":"<p>O Projeto \u201cFomento a Casa de Cultura Afro Serra\u201d promove, na quarta-feira (03\/12), uma programa\u00e7\u00e3o<\/p>\n","protected":false},"author":1,"featured_media":49093,"comment_status":"closed","ping_status":"open","sticky":false,"template":"","format":"standard","meta":{"spay_email":"","footnotes":"","jetpack_publicize_message":""},"categories":[1],"tags":[],"jetpack_featured_media_url":"https:\/\/i2.wp.com\/jornaldeitaipava.com.br\/wp-content\/uploads\/2025\/12\/WhatsApp-Image-2025-12-01-at-17.22.57.jpeg?fit=1305%2C1227&ssl=1","jetpack_publicize_connections":[],"jetpack_sharing_enabled":true,"jetpack_likes_enabled":true,"jetpack-related-posts":[],"_links":{"self":[{"href":"https:\/\/jornaldeitaipava.com.br\/index.php\/wp-json\/wp\/v2\/posts\/49092"}],"collection":[{"href":"https:\/\/jornaldeitaipava.com.br\/index.php\/wp-json\/wp\/v2\/posts"}],"about":[{"href":"https:\/\/jornaldeitaipava.com.br\/index.php\/wp-json\/wp\/v2\/types\/post"}],"author":[{"embeddable":true,"href":"https:\/\/jornaldeitaipava.com.br\/index.php\/wp-json\/wp\/v2\/users\/1"}],"replies":[{"embeddable":true,"href":"https:\/\/jornaldeitaipava.com.br\/index.php\/wp-json\/wp\/v2\/comments?post=49092"}],"version-history":[{"count":1,"href":"https:\/\/jornaldeitaipava.com.br\/index.php\/wp-json\/wp\/v2\/posts\/49092\/revisions"}],"predecessor-version":[{"id":49094,"href":"https:\/\/jornaldeitaipava.com.br\/index.php\/wp-json\/wp\/v2\/posts\/49092\/revisions\/49094"}],"wp:featuredmedia":[{"embeddable":true,"href":"https:\/\/jornaldeitaipava.com.br\/index.php\/wp-json\/wp\/v2\/media\/49093"}],"wp:attachment":[{"href":"https:\/\/jornaldeitaipava.com.br\/index.php\/wp-json\/wp\/v2\/media?parent=49092"}],"wp:term":[{"taxonomy":"category","embeddable":true,"href":"https:\/\/jornaldeitaipava.com.br\/index.php\/wp-json\/wp\/v2\/categories?post=49092"},{"taxonomy":"post_tag","embeddable":true,"href":"https:\/\/jornaldeitaipava.com.br\/index.php\/wp-json\/wp\/v2\/tags?post=49092"}],"curies":[{"name":"wp","href":"https:\/\/api.w.org\/{rel}","templated":true}]}}