{"id":49096,"date":"2025-12-01T18:14:12","date_gmt":"2025-12-01T21:14:12","guid":{"rendered":"http:\/\/jornaldeitaipava.com.br\/?p=49096"},"modified":"2025-12-01T18:14:15","modified_gmt":"2025-12-01T21:14:15","slug":"memorias-do-gesto-estacao-jaqueira-promove-nova-oficina-gratuita-de-ceramica-em-dezembro","status":"publish","type":"post","link":"https:\/\/jornaldeitaipava.com.br\/index.php\/2025\/12\/01\/memorias-do-gesto-estacao-jaqueira-promove-nova-oficina-gratuita-de-ceramica-em-dezembro\/","title":{"rendered":"\u201cMem\u00f3rias do Gesto\u201d: Esta\u00e7\u00e3o Jaqueira promove nova oficina gratuita de cer\u00e2mica em dezembro"},"content":{"rendered":"\n<p class=\"has-text-align-center\"><strong>Atividade integra a programa\u00e7\u00e3o da mostra \u201cMem\u00f3rias Moldadas: cer\u00e2mica autoral de Petr\u00f3polis\u201d, em cartaz at\u00e9 31 de janeiro; inscri\u00e7\u00f5es seguem at\u00e9 12 de dezembro<\/strong><\/p>\n\n\n\n<p>No dia 14 de dezembro (domingo), das 9h30 \u00e0s 12h30, a Esta\u00e7\u00e3o Jaqueira realiza a oficina \u201cBarrogravura: Mem\u00f3rias do Gesto\u201d, atividade gratuita que integra a programa\u00e7\u00e3o da mostra \u201cMem\u00f3rias Moldadas: cer\u00e2mica autoral de Petr\u00f3polis\u201d, em cartaz at\u00e9 31 de janeiro no espa\u00e7o cultural. A oficina ser\u00e1 conduzida pela artista Ana Rondon, que tamb\u00e9m assina a cocuradoria da exposi\u00e7\u00e3o.<\/p>\n\n\n\n<p>A oficina prop\u00f5e a cria\u00e7\u00e3o de uma gravura em tecido de algod\u00e3o, utilizando pigmentos naturais e o barro como matriz. O p\u00fablico experimentar\u00e1 a barrogravura, t\u00e9cnica que produz impress\u00f5es e monotipias a partir de uma matriz de argila. \u201cAcho interessante o p\u00fablico entrar em contato com uma t\u00e9cnica que n\u00e3o \u00e9 muito difundida. A barrogravura, assim como a cer\u00e2mica, possui o elemento surpresa; n\u00e3o controlamos totalmente o resultado\u201d, comenta Rondon.<\/p>\n\n\n\n<p>Durante o processo de curadoria da exposi\u00e7\u00e3o, essa t\u00e9cnica chamou a aten\u00e7\u00e3o do curador Carlos Feij\u00f3, ao visitar o ateli\u00ea da artista. Na obra de Rondon, a barrogravura evidencia o di\u00e1logo entre desenho, pintura, gravura e cer\u00e2mica, linguagens presentes em sua trajet\u00f3ria e que tamb\u00e9m aparecem em sua instala\u00e7\u00e3o apresentada na mostra.<\/p>\n\n\n\n<p>A oficina \u00e9 aberta a todos os p\u00fablicos \u2014 crian\u00e7as a partir de 5 anos (acompanhadas de respons\u00e1veis), jovens e adultos \u2014 e n\u00e3o exige experi\u00eancia pr\u00e9via. Todo o material ser\u00e1 fornecido gratuitamente pela Esta\u00e7\u00e3o Jaqueira, incluindo argila, ferramentas de modelagem, pinc\u00e9is, rolos, potes, fios e tecido de algod\u00e3o. As vagas s\u00e3o limitadas a 20 participantes, e as inscri\u00e7\u00f5es podem ser realizadas at\u00e9 o dia 12 de dezembro, \u00e0s 17h, pelo WhatsApp (21) 96725-8930.<\/p>\n\n\n\n<p>A atividade d\u00e1 continuidade ao ciclo de oficinas formativas da programa\u00e7\u00e3o de \u201cMem\u00f3rias Moldadas\u201d. Em novembro, o espa\u00e7o recebeu a artista Maria Eduarda Gurj\u00e3o, com a oficina \u201cV\u00eanus Contempor\u00e2nea\u201d, voltada \u00e0 modelagem em argila.<\/p>\n\n\n\n<p><strong>Mais sobre a exposi\u00e7\u00e3o \u201cMem\u00f3rias Moldadas\u201d<\/strong><\/p>\n\n\n\n<p>\u201cMem\u00f3rias Moldadas: cer\u00e2mica autoral de Petr\u00f3polis\u201d, com curadoria de Carlos Feij\u00f3 e cocuradoria de Ana Rondon, re\u00fane o trabalho de 12 artistas: Adrianah Leite, Ana Rondon, Arthur Bosisio, Carolina Ponte, Catita Raposo, Eme Martins, Ingrid Bortolotti, Ivo Ferreira, Jane Maia, Maria Eduarda Gurj\u00e3o, Maria Lu\u00edza Lacerda e Rita Ponte, al\u00e9m de obras do Coletivo Azulejaria Expandida.<\/p>\n\n\n\n<p>Estendida at\u00e9 janeiro de 2026 devido ao sucesso de p\u00fablico, a mostra destaca a cer\u00e2mica como linguagem art\u00edstica contempor\u00e2nea, propondo um percurso entre tradi\u00e7\u00e3o, t\u00e9cnica e experimenta\u00e7\u00e3o. Distribu\u00edda em tr\u00eas ambientes \u2014 dois internos e um espa\u00e7o externo com instala\u00e7\u00e3o site-specific \u2014, apresenta a diversidade de abordagens que atualmente caracterizam a produ\u00e7\u00e3o cer\u00e2mica em Petr\u00f3polis.<\/p>\n\n\n\n<p><strong>Servi\u00e7o &#8211; Oficina de Cer\u00e2mica \u201cMem\u00f3rias do Gesto\u201d, com Ana Rondon<br><\/strong>Dia: 14 de dezembro (domingo), das 9h30 \u00e0s 12h30<br>Local: Esta\u00e7\u00e3o Jaqueira (Estrada Ministro Salgado Filho, 2781, Vale do Cuiab\u00e1 \u2013 Petr\u00f3polis\/RJ)<br>Inscri\u00e7\u00f5es: at\u00e9 12 de dezembro, \u00e0s 17h, pelo WhatsApp: (21) 96725-8930<br>Instagram: @estacaojaqueira2020<br>Participa\u00e7\u00e3o gratuita<\/p>\n","protected":false},"excerpt":{"rendered":"<p>Atividade integra a programa\u00e7\u00e3o da mostra \u201cMem\u00f3rias Moldadas: cer\u00e2mica autoral de Petr\u00f3polis\u201d, em cartaz at\u00e9<\/p>\n","protected":false},"author":1,"featured_media":49097,"comment_status":"closed","ping_status":"open","sticky":false,"template":"","format":"standard","meta":{"spay_email":"","footnotes":"","jetpack_publicize_message":""},"categories":[42],"tags":[],"jetpack_featured_media_url":"https:\/\/i2.wp.com\/jornaldeitaipava.com.br\/wp-content\/uploads\/2025\/12\/WhatsApp-Image-2025-12-01-at-18.10.46-e1764623621917.jpeg?fit=1147%2C740&ssl=1","jetpack_publicize_connections":[],"jetpack_sharing_enabled":true,"jetpack_likes_enabled":true,"jetpack-related-posts":[],"_links":{"self":[{"href":"https:\/\/jornaldeitaipava.com.br\/index.php\/wp-json\/wp\/v2\/posts\/49096"}],"collection":[{"href":"https:\/\/jornaldeitaipava.com.br\/index.php\/wp-json\/wp\/v2\/posts"}],"about":[{"href":"https:\/\/jornaldeitaipava.com.br\/index.php\/wp-json\/wp\/v2\/types\/post"}],"author":[{"embeddable":true,"href":"https:\/\/jornaldeitaipava.com.br\/index.php\/wp-json\/wp\/v2\/users\/1"}],"replies":[{"embeddable":true,"href":"https:\/\/jornaldeitaipava.com.br\/index.php\/wp-json\/wp\/v2\/comments?post=49096"}],"version-history":[{"count":1,"href":"https:\/\/jornaldeitaipava.com.br\/index.php\/wp-json\/wp\/v2\/posts\/49096\/revisions"}],"predecessor-version":[{"id":49098,"href":"https:\/\/jornaldeitaipava.com.br\/index.php\/wp-json\/wp\/v2\/posts\/49096\/revisions\/49098"}],"wp:featuredmedia":[{"embeddable":true,"href":"https:\/\/jornaldeitaipava.com.br\/index.php\/wp-json\/wp\/v2\/media\/49097"}],"wp:attachment":[{"href":"https:\/\/jornaldeitaipava.com.br\/index.php\/wp-json\/wp\/v2\/media?parent=49096"}],"wp:term":[{"taxonomy":"category","embeddable":true,"href":"https:\/\/jornaldeitaipava.com.br\/index.php\/wp-json\/wp\/v2\/categories?post=49096"},{"taxonomy":"post_tag","embeddable":true,"href":"https:\/\/jornaldeitaipava.com.br\/index.php\/wp-json\/wp\/v2\/tags?post=49096"}],"curies":[{"name":"wp","href":"https:\/\/api.w.org\/{rel}","templated":true}]}}