{"id":49100,"date":"2025-12-02T19:42:27","date_gmt":"2025-12-02T22:42:27","guid":{"rendered":"http:\/\/jornaldeitaipava.com.br\/?p=49100"},"modified":"2025-12-02T19:42:28","modified_gmt":"2025-12-02T22:42:28","slug":"natal-cervejeiro-18-shows-e-as-novidades-das-artesanais-prometem-encantar-petropolitanos-e-turistas","status":"publish","type":"post","link":"https:\/\/jornaldeitaipava.com.br\/index.php\/2025\/12\/02\/natal-cervejeiro-18-shows-e-as-novidades-das-artesanais-prometem-encantar-petropolitanos-e-turistas\/","title":{"rendered":"Natal Cervejeiro: 18 shows e as novidades das artesanais prometem encantar petropolitanos e turistas"},"content":{"rendered":"\n<p>Dezembro chegou e \u00e9 hora de confraternizar! A dica \u00e9 aproveitar as tr\u00eas semanas do Natal Cervejeiro na Pra\u00e7a Visconde de Mau\u00e1: ser\u00e3o 10 dias, 18 shows, novidades gastron\u00f4micas e, claro, os lan\u00e7amentos das cervejarias artesanais.<br>\u201cPrograma\u00e7\u00e3o ecl\u00e9tica, em um ambiente familiar, com op\u00e7\u00f5es para todos os gostos e estilos. Esperamos que todos brindem com a gente a gratid\u00e3o por mais um ano de sucesso da Deguste. Em 2025, a feira se tornou Patrim\u00f4nio Cultural Imaterial de Petr\u00f3polis e \u00e9 uma satisfa\u00e7\u00e3o imensa ver o potencial do setor cervejeiro ter o seu reconhecimento\u201d, afirmou o idealizador da Deguste, Rodrigo Duarte.<br>Ser\u00e3o 9 dias de evento. \u201cTudo preparado com muito carinho e aten\u00e7\u00e3o. Celebramos um ano maravilhoso e estamos nos preparando para um ano novo cheio de novidades na Deguste. Esperamos todos\u201d, conta a produtora da Deguste, Gabrielle Rosendo.<\/p>\n\n\n\n<p><strong>Confira a programa\u00e7\u00e3o completa:<br><\/strong>Programa\u00e7\u00e3o Natal Cervejeiro<\/p>\n\n\n\n<p>1\u00ba final de semana:<br>05\/12 &#8211; sexta-feira:<br>20h30 &#8211; Ashley Mello convida Let\u00edcia e Driely (Sertanejo)<\/p>\n\n\n\n<p>06\/12 &#8211; s\u00e1bado:<br>15h &#8211; Rusnei Serra (Blues \/ Rock)<br>18h &#8211; Arcade (Pop)<br>20h30 &#8211; Gus Monsanto (Classic Rock)<\/p>\n\n\n\n<p>07\/12 &#8211; domingo:<br>14h &#8211; Jonatan Francisco (Samba)<br>17h &#8211; Stimmer (Pablo &amp; Bernardo &#8211; Pop \/ Rock)<\/p>\n\n\n\n<p>2\u00ba final de semana:<br>12\/12 &#8211; sexta-feira:<br>20h30 &#8211; Fred Pontes (Sertanejo)<\/p>\n\n\n\n<p>13\/12 &#8211; s\u00e1bado:<br>15h &#8211; 4 por 4 (MPB)<br>18h &#8211; Gargamel DK (Classic Rock)<br>20h30 &#8211; Chilli (Pop)<\/p>\n\n\n\n<p>14\/12 &#8211; domingo:<br>14h &#8211; Juninho Martins (Samba)<br>17h &#8211; Capital El\u00e9trico (Rock Brasil)<\/p>\n\n\n\n<p>3\u00ba final de semana:<br>19\/12 &#8211; sexta-feira:<br>20h30 &#8211; Lucas Israel convida Ramon Mathias (Sertanejo)<\/p>\n\n\n\n<p>20\/12 &#8211; s\u00e1bado:<br>15h &#8211; Melissa Maluly (MPB)<br>18h &#8211; Trisonica (Rock Brasil)<br>20h30 &#8211; Bruno Sutter &#8211; Tributo a Ozzy Osbourne (Classic Rock)<\/p>\n\n\n\n<p>21\/12 &#8211; domingo:<br>14h &#8211; Mayara Ferreira (Samba)<br>17h &#8211; Andr\u00e9 Tavares (Pop \/ Rock)<\/p>\n\n\n\n<p>Todas as novidades tamb\u00e9m podem ser conferidas no Instagram oficial: @feiradeguste<\/p>\n","protected":false},"excerpt":{"rendered":"<p>Dezembro chegou e \u00e9 hora de confraternizar! A dica \u00e9 aproveitar as tr\u00eas semanas do<\/p>\n","protected":false},"author":1,"featured_media":33576,"comment_status":"closed","ping_status":"open","sticky":false,"template":"","format":"standard","meta":{"spay_email":"","footnotes":"","jetpack_publicize_message":""},"categories":[42],"tags":[],"jetpack_featured_media_url":"https:\/\/i2.wp.com\/jornaldeitaipava.com.br\/wp-content\/uploads\/2023\/03\/deguste.png?fit=588%2C368&ssl=1","jetpack_publicize_connections":[],"jetpack_sharing_enabled":true,"jetpack_likes_enabled":true,"jetpack-related-posts":[],"_links":{"self":[{"href":"https:\/\/jornaldeitaipava.com.br\/index.php\/wp-json\/wp\/v2\/posts\/49100"}],"collection":[{"href":"https:\/\/jornaldeitaipava.com.br\/index.php\/wp-json\/wp\/v2\/posts"}],"about":[{"href":"https:\/\/jornaldeitaipava.com.br\/index.php\/wp-json\/wp\/v2\/types\/post"}],"author":[{"embeddable":true,"href":"https:\/\/jornaldeitaipava.com.br\/index.php\/wp-json\/wp\/v2\/users\/1"}],"replies":[{"embeddable":true,"href":"https:\/\/jornaldeitaipava.com.br\/index.php\/wp-json\/wp\/v2\/comments?post=49100"}],"version-history":[{"count":1,"href":"https:\/\/jornaldeitaipava.com.br\/index.php\/wp-json\/wp\/v2\/posts\/49100\/revisions"}],"predecessor-version":[{"id":49101,"href":"https:\/\/jornaldeitaipava.com.br\/index.php\/wp-json\/wp\/v2\/posts\/49100\/revisions\/49101"}],"wp:featuredmedia":[{"embeddable":true,"href":"https:\/\/jornaldeitaipava.com.br\/index.php\/wp-json\/wp\/v2\/media\/33576"}],"wp:attachment":[{"href":"https:\/\/jornaldeitaipava.com.br\/index.php\/wp-json\/wp\/v2\/media?parent=49100"}],"wp:term":[{"taxonomy":"category","embeddable":true,"href":"https:\/\/jornaldeitaipava.com.br\/index.php\/wp-json\/wp\/v2\/categories?post=49100"},{"taxonomy":"post_tag","embeddable":true,"href":"https:\/\/jornaldeitaipava.com.br\/index.php\/wp-json\/wp\/v2\/tags?post=49100"}],"curies":[{"name":"wp","href":"https:\/\/api.w.org\/{rel}","templated":true}]}}