{"id":49102,"date":"2025-12-02T19:45:07","date_gmt":"2025-12-02T22:45:07","guid":{"rendered":"http:\/\/jornaldeitaipava.com.br\/?p=49102"},"modified":"2025-12-02T19:45:09","modified_gmt":"2025-12-02T22:45:09","slug":"arte-participa-de-audiencia-publica-sobre-revitalizacao-comercial-em-petropolis","status":"publish","type":"post","link":"https:\/\/jornaldeitaipava.com.br\/index.php\/2025\/12\/02\/arte-participa-de-audiencia-publica-sobre-revitalizacao-comercial-em-petropolis\/","title":{"rendered":"ARTE participa de Audi\u00eancia P\u00fablica sobre Revitaliza\u00e7\u00e3o Comercial em Petr\u00f3polis"},"content":{"rendered":"\n<p class=\"has-text-align-center\"><strong>Associa\u00e7\u00e3o pontuou problemas que atrapalham o desenvolvimento do polo de moda<\/strong><\/p>\n\n\n\n<p>A Associa\u00e7\u00e3o da Rua Teresa &#8211; ARTE &#8211; participou, na \u00faltima segunda-feira (01) de uma Audi\u00eancia P\u00fablica sobre Revitaliza\u00e7\u00e3o Comercial em Petr\u00f3polis, na C\u00e2mara Municipal. O encontro foi convocado pelo vereador Wesley Barreto e contou com apoio da Comiss\u00e3o de Desenvolvimento Econ\u00f4mico, que tem como presidente o vereador Gil Magno. Empres\u00e1rios, representantes de entidades e do poder p\u00fablico, como CpTrans, Comdep, Secretaria de Cultura e Turispetro, discutiram demandas, propostas e encaminhamentos para revitaliza\u00e7\u00e3o da Rua Teresa, do Polo de Modas do Bingen e fortalecimento de todo o com\u00e9rcio local. Na ocasi\u00e3o, a presidente da ARTE, Denise Fiorini, apresentou uma situa\u00e7\u00e3o que \u00e9 considerada um obst\u00e1culo para o desenvolvimento econ\u00f4mico do polo de modas, a tarifa da concession\u00e1ria respons\u00e1vel pelo servi\u00e7o de \u00e1gua.<br>\u201cFoi um encontro importante para debatermos a cobran\u00e7a abusiva com rela\u00e7\u00e3o \u00e0 taxa de cobran\u00e7a m\u00ednima de \u00e1gua. Uma loja n\u00e3o consome o valor m\u00ednimo cobrado a cada m\u00eas, de R$ 440 (\u00e1gua e esgoto). O m\u00ednimo residencial \u00e9 R$ 110. \u00c9 importante a revis\u00e3o desse valor. Em Teres\u00f3polis, como por exemplo, o valor m\u00ednimo da taxa comercial \u00e9 de R$ 173,30 e a taxa m\u00ednima residencial \u00e9 de R$ 65,83. O comerciante que decide abrir um neg\u00f3cio em Petr\u00f3polis j\u00e1 paga um valor muito alto por um servi\u00e7o que, muitas das vezes, n\u00e3o \u00e9 utilizado na sua totalidade. Solicitamos a aten\u00e7\u00e3o com rela\u00e7\u00e3o a essa quest\u00e3o. Estamos em um momento em que todos precisam desse apoio. Quem decide abrir um neg\u00f3cio e come\u00e7a pagando um valor t\u00e3o alto, desanima\u201d, disse Denise Fiorini.<br>A ARTE tamb\u00e9m indicou a necessidade de redistribui\u00e7\u00e3o das vagas de estacionamento ap\u00f3s o n\u00famero 200 ou 300 para a \u00e1rea branca, solicitou uma maior fiscaliza\u00e7\u00e3o da SSOP (Secretaria de Seguran\u00e7a, Servi\u00e7os e Ordem P\u00fablica) e aten\u00e7\u00e3o quanto ao descarte irregular de entulho. Um projeto para as barracas dos ambulantes (de 2023, que precisa de patroc\u00ednio) mais moderno e atrativo tamb\u00e9m foi citado. A ARTE reivindicou, ainda, a inclus\u00e3o da Rua Teresa no calend\u00e1rio tur\u00edstico de eventos e em todas as artes de divulga\u00e7\u00e3o da cidade.<br>\u201cAl\u00e9m das quest\u00f5es pontuais, o valor alto do ped\u00e1gio afasta os visitantes e merece a aten\u00e7\u00e3o dos nossos pol\u00edticos. Temos, todos, que lutar por melhorias que possam trazer ainda mais desenvolvimento para a nossa cidade. Petr\u00f3polis \u00e9 uma cidade atrativa, acolhedora, que possui um com\u00e9rcio forte, oferece produtos e servi\u00e7os de qualidade. Temos que investir mais no marketing positivo, mostrar nossas belezas e atrair mais visitantes. A ARTE, as associa\u00e7\u00f5es empresariais e os pr\u00f3prios empres\u00e1rios fazem a sua parte, mas precisamos de uma aten\u00e7\u00e3o maior do poder p\u00fablico para podermos, juntos, fortalecer nossa cidade como um todo\u201d, concluiu Denise Fiorini.<br>No final da audi\u00eancia, foi proposto um grupo de trabalho para aprofundar quest\u00f5es relacionadas \u00e0s concession\u00e1rias e \u00e0s demandas estruturais do com\u00e9rcio.<br>\u201cA ARTE continuar\u00e1 acompanhando o andamento das quest\u00f5es apresentadas, lutando por melhorias, n\u00e3o s\u00f3 para a Rua Teresa, mas para todo o com\u00e9rcio\u201d, concluiu Denise Fiorini.<\/p>\n","protected":false},"excerpt":{"rendered":"<p>Associa\u00e7\u00e3o pontuou problemas que atrapalham o desenvolvimento do polo de moda A Associa\u00e7\u00e3o da Rua<\/p>\n","protected":false},"author":1,"featured_media":49103,"comment_status":"closed","ping_status":"open","sticky":false,"template":"","format":"standard","meta":{"spay_email":"","footnotes":"","jetpack_publicize_message":""},"categories":[24],"tags":[],"jetpack_featured_media_url":"https:\/\/i1.wp.com\/jornaldeitaipava.com.br\/wp-content\/uploads\/2025\/12\/WhatsApp-Image-2025-12-02-at-18.16.39-e1764715494503.jpeg?fit=1200%2C789&ssl=1","jetpack_publicize_connections":[],"jetpack_sharing_enabled":true,"jetpack_likes_enabled":true,"jetpack-related-posts":[],"_links":{"self":[{"href":"https:\/\/jornaldeitaipava.com.br\/index.php\/wp-json\/wp\/v2\/posts\/49102"}],"collection":[{"href":"https:\/\/jornaldeitaipava.com.br\/index.php\/wp-json\/wp\/v2\/posts"}],"about":[{"href":"https:\/\/jornaldeitaipava.com.br\/index.php\/wp-json\/wp\/v2\/types\/post"}],"author":[{"embeddable":true,"href":"https:\/\/jornaldeitaipava.com.br\/index.php\/wp-json\/wp\/v2\/users\/1"}],"replies":[{"embeddable":true,"href":"https:\/\/jornaldeitaipava.com.br\/index.php\/wp-json\/wp\/v2\/comments?post=49102"}],"version-history":[{"count":1,"href":"https:\/\/jornaldeitaipava.com.br\/index.php\/wp-json\/wp\/v2\/posts\/49102\/revisions"}],"predecessor-version":[{"id":49104,"href":"https:\/\/jornaldeitaipava.com.br\/index.php\/wp-json\/wp\/v2\/posts\/49102\/revisions\/49104"}],"wp:featuredmedia":[{"embeddable":true,"href":"https:\/\/jornaldeitaipava.com.br\/index.php\/wp-json\/wp\/v2\/media\/49103"}],"wp:attachment":[{"href":"https:\/\/jornaldeitaipava.com.br\/index.php\/wp-json\/wp\/v2\/media?parent=49102"}],"wp:term":[{"taxonomy":"category","embeddable":true,"href":"https:\/\/jornaldeitaipava.com.br\/index.php\/wp-json\/wp\/v2\/categories?post=49102"},{"taxonomy":"post_tag","embeddable":true,"href":"https:\/\/jornaldeitaipava.com.br\/index.php\/wp-json\/wp\/v2\/tags?post=49102"}],"curies":[{"name":"wp","href":"https:\/\/api.w.org\/{rel}","templated":true}]}}