{"id":49109,"date":"2025-12-02T19:57:26","date_gmt":"2025-12-02T22:57:26","guid":{"rendered":"http:\/\/jornaldeitaipava.com.br\/?p=49109"},"modified":"2025-12-02T19:57:27","modified_gmt":"2025-12-02T22:57:27","slug":"acao-no-shopping-patio-petropolis-compartilha-conhecimento-com-o-publico-presente","status":"publish","type":"post","link":"https:\/\/jornaldeitaipava.com.br\/index.php\/2025\/12\/02\/acao-no-shopping-patio-petropolis-compartilha-conhecimento-com-o-publico-presente\/","title":{"rendered":"A\u00e7\u00e3o no shopping P\u00e1tio Petr\u00f3polis compartilha conhecimento com o p\u00fablico presente"},"content":{"rendered":"\n<p>Ao longo de uma semana alunos, docentes e coordenadores da Est\u00e1cio Petr\u00f3polis ocuparam os espa\u00e7os do Shopping P\u00e1tio Petr\u00f3polis para realizar apresenta\u00e7\u00f5es finais dos trabalhos acad\u00eamicos com o objetivo de aproximar a comunidade dos trabalhos produzidos pelos alunos e estimular o protagonismo dos estudantes, permitindo que compartilhassem seus conhecimentos em um espa\u00e7o p\u00fablico.<\/p>\n\n\n\n<p>O curso de Biomedicina atuou fazendo testes e pesquisas para projeto de extens\u00e3o. J\u00e1 o curso de Gastronomia realizou degusta\u00e7\u00f5es no local. O curso de Nutri\u00e7\u00e3o tamb\u00e9m marcou presen\u00e7a fazendo orienta\u00e7\u00f5es nutricionais, principalmente orienta\u00e7\u00e3o sobre a vitamina B12 e a vitamina B6. O curso de Arquitetura apresentou maquetes e os projetos de encerramento de curso. O curso de Psicologia apresentou diversos projetos de extens\u00e3o aplicados a sociedade, levando conhecimento e sa\u00fade. Fisioterapia tratou sobre a Sa\u00fade da Mulher e tamb\u00e9m a tem\u00e1tica da Dermatofuncional. Por fim, o curso de Enfermagem falou sobre a sa\u00fade do idoso, do adulto e dos adolescentes, crian\u00e7as e fechando com chave de mestre o projeto Lei Lucas que j\u00e1 treinou gratuitamente diversos professores da rede publica.<\/p>\n\n\n\n<p>\u201cO grande objetivo desta a\u00e7\u00e3o foi oferecer ao p\u00fablico presente uma experi\u00eancia educativa, din\u00e2mica e alinhada \u00e0s pr\u00e1ticas profissionais dos cursos participantes com exposi\u00e7\u00e3o visual, apresenta\u00e7\u00f5es, simula\u00e7\u00f5es e demonstra\u00e7\u00f5es t\u00e9cnicas\u201d, disse Arthur Vogel, Coordenador Acad\u00eamico da Est\u00e1cio Petr\u00f3polis.<\/p>\n","protected":false},"excerpt":{"rendered":"<p>Ao longo de uma semana alunos, docentes e coordenadores da Est\u00e1cio Petr\u00f3polis ocuparam os espa\u00e7os<\/p>\n","protected":false},"author":1,"featured_media":49110,"comment_status":"closed","ping_status":"open","sticky":false,"template":"","format":"standard","meta":{"spay_email":"","footnotes":"","jetpack_publicize_message":""},"categories":[2],"tags":[],"jetpack_featured_media_url":"https:\/\/i1.wp.com\/jornaldeitaipava.com.br\/wp-content\/uploads\/2025\/12\/WhatsApp-Image-2025-12-02-at-11.10.37.jpeg?fit=1600%2C1200&ssl=1","jetpack_publicize_connections":[],"jetpack_sharing_enabled":true,"jetpack_likes_enabled":true,"jetpack-related-posts":[],"_links":{"self":[{"href":"https:\/\/jornaldeitaipava.com.br\/index.php\/wp-json\/wp\/v2\/posts\/49109"}],"collection":[{"href":"https:\/\/jornaldeitaipava.com.br\/index.php\/wp-json\/wp\/v2\/posts"}],"about":[{"href":"https:\/\/jornaldeitaipava.com.br\/index.php\/wp-json\/wp\/v2\/types\/post"}],"author":[{"embeddable":true,"href":"https:\/\/jornaldeitaipava.com.br\/index.php\/wp-json\/wp\/v2\/users\/1"}],"replies":[{"embeddable":true,"href":"https:\/\/jornaldeitaipava.com.br\/index.php\/wp-json\/wp\/v2\/comments?post=49109"}],"version-history":[{"count":1,"href":"https:\/\/jornaldeitaipava.com.br\/index.php\/wp-json\/wp\/v2\/posts\/49109\/revisions"}],"predecessor-version":[{"id":49111,"href":"https:\/\/jornaldeitaipava.com.br\/index.php\/wp-json\/wp\/v2\/posts\/49109\/revisions\/49111"}],"wp:featuredmedia":[{"embeddable":true,"href":"https:\/\/jornaldeitaipava.com.br\/index.php\/wp-json\/wp\/v2\/media\/49110"}],"wp:attachment":[{"href":"https:\/\/jornaldeitaipava.com.br\/index.php\/wp-json\/wp\/v2\/media?parent=49109"}],"wp:term":[{"taxonomy":"category","embeddable":true,"href":"https:\/\/jornaldeitaipava.com.br\/index.php\/wp-json\/wp\/v2\/categories?post=49109"},{"taxonomy":"post_tag","embeddable":true,"href":"https:\/\/jornaldeitaipava.com.br\/index.php\/wp-json\/wp\/v2\/tags?post=49109"}],"curies":[{"name":"wp","href":"https:\/\/api.w.org\/{rel}","templated":true}]}}