{"id":49115,"date":"2025-12-03T16:21:24","date_gmt":"2025-12-03T19:21:24","guid":{"rendered":"http:\/\/jornaldeitaipava.com.br\/?p=49115"},"modified":"2025-12-03T16:21:26","modified_gmt":"2025-12-03T19:21:26","slug":"natal-imperial-2025-comeca-nesta-sexta-feira-05-12-no-palacio-de-cristal-com-mais-de-100-atracoes-gratuitas","status":"publish","type":"post","link":"https:\/\/jornaldeitaipava.com.br\/index.php\/2025\/12\/03\/natal-imperial-2025-comeca-nesta-sexta-feira-05-12-no-palacio-de-cristal-com-mais-de-100-atracoes-gratuitas\/","title":{"rendered":"Natal Imperial 2025 come\u00e7a nesta sexta-feira (05\/12), no Pal\u00e1cio de Cristal, com mais de 100 atra\u00e7\u00f5es gratuitas"},"content":{"rendered":"\n<p class=\"has-text-align-center\"><strong>Fam\u00edlia Lima faz show de abertura e Toni Garrido agita o p\u00fablico dia 19\/12<\/strong><\/p>\n\n\n\n<p>O Natal Imperial 2025 come\u00e7a nesta sexta-feira (05\/12) e segue at\u00e9 quatro de janeiro, reunindo mais de 100 atra\u00e7\u00f5es gratuitas em v\u00e1rios pontos da Petr\u00f3polis. A programa\u00e7\u00e3o inclui shows, oficinas, apresenta\u00e7\u00f5es culturais, concertos, espet\u00e1culos teatrais e atividades interativas para toda a fam\u00edlia, consolidando o evento como um dos principais atrativos culturais da cidade durante o per\u00edodo natalino.<br>A abertura oficial ser\u00e1 no Pal\u00e1cio de Cristal, com show da Fam\u00edlia Lima, logo ap\u00f3s o acendimento da \u00c1rvore e a presen\u00e7a de personagens natalinos do Natal Encantado. Ao longo do m\u00eas, o espa\u00e7o receber\u00e1 apresenta\u00e7\u00f5es de artistas como Toni Garrido (19\/12), Coral Villa Lobos, Banda The Rooftops, Ballet Quebra Nozes do Est\u00fadio DNA, al\u00e9m de atividades infantis e oficinas de artesanato natalino.<br>O prefeito Hingo Hammes destacou o papel do evento no contexto da recupera\u00e7\u00e3o da cidade: &#8220;O Natal Imperial \u00e9 um dos pilares da nossa reconstru\u00e7\u00e3o econ\u00f4mica. N\u00e3o \u00e9 apenas uma festa de luzes, mas sim uma inje\u00e7\u00e3o de \u00e2nimo e recursos em nossa cidade. Estamos garantindo um evento diversificado e, principalmente, focado em trazer turistas e gerar emprego e renda para os petropolitanos. Quero agradecer a todos os patrocinadores que est\u00e3o apoiando a nossa cidade neste momento, sem eles nada disso seria poss\u00edvel.\u201d<br>A Prefeitura criou um site onde toda a programa\u00e7\u00e3o est\u00e1 dispon\u00edvel, facilitando o acesso \u00e0s informa\u00e7\u00f5es e fazendo um compilado de todos eventos que acontecem na cidade. A programa\u00e7\u00e3o pode ser acessada em: https:\/\/web2.petropolis.rj.gov.br\/natal-imperial\/<\/p>\n\n\n\n<p><strong>Valoriza\u00e7\u00e3o da cultura local e diversifica\u00e7\u00e3o da programa\u00e7\u00e3o:<br><\/strong>Durante todo o Natal Imperial, o destaque ser\u00e3o os shows de artistas locais, que ganharam espa\u00e7o na programa\u00e7\u00e3o e ter\u00e3o a oportunidade de se apresentar para um grande n\u00famero de turistas.<br>O secret\u00e1rio de Cultura, Adenilson Honorato, ressaltou a import\u00e2ncia da valoriza\u00e7\u00e3o dos talentos da cidade: &#8220;Nossa programa\u00e7\u00e3o foi cuidadosamente pensada para ser inclusiva e valorizar o que Petr\u00f3polis tem de melhor. Ter mais de 100 atra\u00e7\u00f5es gratuitas, incluindo nossos corais e m\u00fasicos locais, n\u00e3o s\u00f3 enriquece a experi\u00eancia do turista, mas tamb\u00e9m fortalece a cadeia produtiva da cultura na cidade. O Natal Imperial \u00e9 um palco de talentos e celebra\u00e7\u00e3o.\u201d<\/p>\n\n\n\n<p><strong>Al\u00e9m do Pal\u00e1cio de Cristal, outros pontos da cidade receber\u00e3o atra\u00e7\u00f5es especiais:<br><\/strong>\u2022Rua 16 de Mar\u00e7o: concertos, apresenta\u00e7\u00f5es de corais e atividades interativas, como a C\u00e3ominhada Natalina.<br>\u2022Rua Teresa e Shopping Vilarejo: shows, oficinas natalinas e a presen\u00e7a do Papai Noel.<br>\u2022Centro Cultural Sesc Quitandinha: proje\u00e7\u00e3o mapeada na fachada, conta\u00e7\u00e3o de hist\u00f3rias e apresenta\u00e7\u00f5es musicais.<br>\u2022Capela Nossa Senhora Auxiliadora (Posse): recep\u00e7\u00e3o do Papai Noel e atividades culturais para fam\u00edlias.<br>\u2022Feira do Empreendorismo Feminino, no Centro de Cultura, com artesanato local.<\/p>\n\n\n\n<p>Entre as oficinas programadas est\u00e3o a confec\u00e7\u00e3o de enfeites natalinos em croch\u00ea, mini guirlandas e cart\u00f5es de Natal, al\u00e9m de apresenta\u00e7\u00f5es de ballet, historietas encantadas, concertos de orquestras locais e fanfarras.<\/p>\n\n\n\n<p><strong>Foco no Turismo e capta\u00e7\u00e3o de recursos<br><\/strong>O secret\u00e1rio de Turismo, Pablo Kling, salientou o impacto esperado no fluxo de visitantes: &#8220;O Natal Imperial \u00e9 o nosso principal chamariz no final do ano. Investir em uma programa\u00e7\u00e3o de mais de 100 atra\u00e7\u00f5es de alta qualidade, com shows de renome como Fam\u00edlia Lima e Toni Garrido, garante que Petr\u00f3polis se mantenha no topo da lista de destinos natalinos mais procurados no pa\u00eds. Nossa expectativa \u00e9 de um aumento significativo no fluxo tur\u00edstico, que se traduz em maior ocupa\u00e7\u00e3o hoteleira e aquecimento do com\u00e9rcio em todos os distritos.\u201d<br>O Natal Imperial, assim como as outras festividades de 2025, est\u00e1 acontecendo por meio da capta\u00e7\u00e3o de investimentos atrav\u00e9s de leis de incentivo. O evento \u00e9 realizado pelo Minist\u00e9rio da Cultura, Secretaria de Estado de Turismo do Rio de Janeiro, \u00c1guas do Imperador, Elovias, Zeiss, Alldub e Prefeitura de Petr\u00f3polis.<\/p>\n","protected":false},"excerpt":{"rendered":"<p>Fam\u00edlia Lima faz show de abertura e Toni Garrido agita o p\u00fablico dia 19\/12 O<\/p>\n","protected":false},"author":1,"featured_media":43470,"comment_status":"closed","ping_status":"open","sticky":false,"template":"","format":"standard","meta":{"spay_email":"","footnotes":"","jetpack_publicize_message":""},"categories":[42],"tags":[],"jetpack_featured_media_url":"https:\/\/i0.wp.com\/jornaldeitaipava.com.br\/wp-content\/uploads\/2024\/12\/natal-imperial.jpg?fit=900%2C600&ssl=1","jetpack_publicize_connections":[],"jetpack_sharing_enabled":true,"jetpack_likes_enabled":true,"jetpack-related-posts":[],"_links":{"self":[{"href":"https:\/\/jornaldeitaipava.com.br\/index.php\/wp-json\/wp\/v2\/posts\/49115"}],"collection":[{"href":"https:\/\/jornaldeitaipava.com.br\/index.php\/wp-json\/wp\/v2\/posts"}],"about":[{"href":"https:\/\/jornaldeitaipava.com.br\/index.php\/wp-json\/wp\/v2\/types\/post"}],"author":[{"embeddable":true,"href":"https:\/\/jornaldeitaipava.com.br\/index.php\/wp-json\/wp\/v2\/users\/1"}],"replies":[{"embeddable":true,"href":"https:\/\/jornaldeitaipava.com.br\/index.php\/wp-json\/wp\/v2\/comments?post=49115"}],"version-history":[{"count":1,"href":"https:\/\/jornaldeitaipava.com.br\/index.php\/wp-json\/wp\/v2\/posts\/49115\/revisions"}],"predecessor-version":[{"id":49116,"href":"https:\/\/jornaldeitaipava.com.br\/index.php\/wp-json\/wp\/v2\/posts\/49115\/revisions\/49116"}],"wp:featuredmedia":[{"embeddable":true,"href":"https:\/\/jornaldeitaipava.com.br\/index.php\/wp-json\/wp\/v2\/media\/43470"}],"wp:attachment":[{"href":"https:\/\/jornaldeitaipava.com.br\/index.php\/wp-json\/wp\/v2\/media?parent=49115"}],"wp:term":[{"taxonomy":"category","embeddable":true,"href":"https:\/\/jornaldeitaipava.com.br\/index.php\/wp-json\/wp\/v2\/categories?post=49115"},{"taxonomy":"post_tag","embeddable":true,"href":"https:\/\/jornaldeitaipava.com.br\/index.php\/wp-json\/wp\/v2\/tags?post=49115"}],"curies":[{"name":"wp","href":"https:\/\/api.w.org\/{rel}","templated":true}]}}