{"id":49117,"date":"2025-12-04T18:24:01","date_gmt":"2025-12-04T21:24:01","guid":{"rendered":"http:\/\/jornaldeitaipava.com.br\/?p=49117"},"modified":"2025-12-04T18:24:04","modified_gmt":"2025-12-04T21:24:04","slug":"prefeitura-promove-copa-de-ginastica-artistica-com-mais-de-150-atletas-da-rede-municipal-de-ensino","status":"publish","type":"post","link":"https:\/\/jornaldeitaipava.com.br\/index.php\/2025\/12\/04\/prefeitura-promove-copa-de-ginastica-artistica-com-mais-de-150-atletas-da-rede-municipal-de-ensino\/","title":{"rendered":"Prefeitura promove Copa de Gin\u00e1stica Art\u00edstica com mais de 150 atletas da rede municipal de ensino"},"content":{"rendered":"\n<p class=\"has-text-align-center\"><strong>Competi\u00e7\u00e3o marcou a culmin\u00e2ncia do projeto realizado na F\u00e1brica do Saber e a modalidade integrar\u00e1 o Jeups em 2025<\/strong><\/p>\n\n\n\n<p>Mais de 150 estudantes participaram da Copa de Gin\u00e1stica Art\u00edstica realizada no Centro Esportivo da Escola Municipal F\u00e1brica do Saber. A competi\u00e7\u00e3o aconteceu na quinta-feira (04\/11) com participantes de diversas unidades da rede municipal.<\/p>\n\n\n\n<p>O projeto de gin\u00e1stica art\u00edstica \u00e9 desenvolvido pela Prefeitura, por meio da Secretaria de Educa\u00e7\u00e3o, em parceria com a t\u00e9cnica do Clube de Regatas do Flamengo e ex-t\u00e9cnica da Sele\u00e7\u00e3o Brasileira, Georgette Vidor. O projeto acontece \u00e0s ter\u00e7as e quintas-feiras, no Centro Esportivo da Escola Municipal F\u00e1brica do Saber, com turmas formadas por estudantes de diferentes escolas.<\/p>\n\n\n\n<p>&#8220;O esporte traz novas possibilidades para trajet\u00f3rias escolares e fortalecem rela\u00e7\u00f5es dentro da comunidade educacional&#8221;, declarou a secret\u00e1ria de Educa\u00e7\u00e3o, Poliana Ferrarez.<\/p>\n\n\n\n<p>A coordenadora do projeto, a treinadora de gin\u00e1stica art\u00edstica Georgette Vidor, ressaltou a import\u00e2ncia da pr\u00e1tica esportiva dentro das unidades escolares.<\/p>\n\n\n\n<p>&#8220;A viv\u00eancia esportiva dentro da escola cria acesso para quem ainda n\u00e3o encontrou caminhos para o pr\u00f3prio desempenho motor e oferece experi\u00eancias que refor\u00e7am autonomia, organiza\u00e7\u00e3o e foco&#8221;, afirmou.<\/p>\n\n\n\n<p>O secret\u00e1rio de Esporte, Lazer, Pessoa com Defici\u00eancia e Mobilidade Reduzida, Leandro Kronemberger, destacou que a parceria amplia os programas municipais.<\/p>\n\n\n\n<p>&#8220;A gin\u00e1stica art\u00edstica far\u00e1 parte do Jeups a partir de 2025 com a\u00e7\u00f5es que aproximam escolas, estimulam continuidade do treinamento e sustentam novas presen\u00e7as da rede p\u00fablica em eventos locais&#8221;, afirmou o secret\u00e1rio.<\/p>\n\n\n\n<p>A subsecret\u00e1ria de Educa\u00e7\u00e3o, Ana Carolina Kapler, avaliou que o trabalho conjunto entre as pastas fortalece v\u00ednculos com a comunidade escolar.<\/p>\n\n\n\n<p>&#8220;Quando iniciativas integram educa\u00e7\u00e3o e esporte, ampliamos perman\u00eancia, engajamento e inclus\u00e3o de estudantes em atividades que geram evolu\u00e7\u00e3o constante&#8221;, concluiu.<\/p>\n","protected":false},"excerpt":{"rendered":"<p>Competi\u00e7\u00e3o marcou a culmin\u00e2ncia do projeto realizado na F\u00e1brica do Saber e a modalidade integrar\u00e1<\/p>\n","protected":false},"author":1,"featured_media":49118,"comment_status":"closed","ping_status":"open","sticky":false,"template":"","format":"standard","meta":{"spay_email":"","footnotes":"","jetpack_publicize_message":""},"categories":[9],"tags":[],"jetpack_featured_media_url":"https:\/\/i1.wp.com\/jornaldeitaipava.com.br\/wp-content\/uploads\/2025\/12\/WhatsApp-Image-2025-12-04-at-17.18.23.jpeg?fit=1600%2C1200&ssl=1","jetpack_publicize_connections":[],"jetpack_sharing_enabled":true,"jetpack_likes_enabled":true,"jetpack-related-posts":[],"_links":{"self":[{"href":"https:\/\/jornaldeitaipava.com.br\/index.php\/wp-json\/wp\/v2\/posts\/49117"}],"collection":[{"href":"https:\/\/jornaldeitaipava.com.br\/index.php\/wp-json\/wp\/v2\/posts"}],"about":[{"href":"https:\/\/jornaldeitaipava.com.br\/index.php\/wp-json\/wp\/v2\/types\/post"}],"author":[{"embeddable":true,"href":"https:\/\/jornaldeitaipava.com.br\/index.php\/wp-json\/wp\/v2\/users\/1"}],"replies":[{"embeddable":true,"href":"https:\/\/jornaldeitaipava.com.br\/index.php\/wp-json\/wp\/v2\/comments?post=49117"}],"version-history":[{"count":1,"href":"https:\/\/jornaldeitaipava.com.br\/index.php\/wp-json\/wp\/v2\/posts\/49117\/revisions"}],"predecessor-version":[{"id":49119,"href":"https:\/\/jornaldeitaipava.com.br\/index.php\/wp-json\/wp\/v2\/posts\/49117\/revisions\/49119"}],"wp:featuredmedia":[{"embeddable":true,"href":"https:\/\/jornaldeitaipava.com.br\/index.php\/wp-json\/wp\/v2\/media\/49118"}],"wp:attachment":[{"href":"https:\/\/jornaldeitaipava.com.br\/index.php\/wp-json\/wp\/v2\/media?parent=49117"}],"wp:term":[{"taxonomy":"category","embeddable":true,"href":"https:\/\/jornaldeitaipava.com.br\/index.php\/wp-json\/wp\/v2\/categories?post=49117"},{"taxonomy":"post_tag","embeddable":true,"href":"https:\/\/jornaldeitaipava.com.br\/index.php\/wp-json\/wp\/v2\/tags?post=49117"}],"curies":[{"name":"wp","href":"https:\/\/api.w.org\/{rel}","templated":true}]}}