{"id":49120,"date":"2025-12-04T18:27:43","date_gmt":"2025-12-04T21:27:43","guid":{"rendered":"http:\/\/jornaldeitaipava.com.br\/?p=49120"},"modified":"2025-12-04T18:27:45","modified_gmt":"2025-12-04T21:27:45","slug":"petropolis-e-destaque-pelos-avancos-na-eliminacao-da-transmissao-vertical-de-hiv-sifilis-e-hepatite-b","status":"publish","type":"post","link":"https:\/\/jornaldeitaipava.com.br\/index.php\/2025\/12\/04\/petropolis-e-destaque-pelos-avancos-na-eliminacao-da-transmissao-vertical-de-hiv-sifilis-e-hepatite-b\/","title":{"rendered":"Petr\u00f3polis \u00e9 destaque pelos avan\u00e7os na elimina\u00e7\u00e3o da transmiss\u00e3o vertical de HIV, s\u00edfilis e hepatite B"},"content":{"rendered":"\n<p>Servidores da Secretaria Municipal de Sa\u00fade marcaram presen\u00e7a na Cerim\u00f4nia Nacional de Certifica\u00e7\u00e3o da Elimina\u00e7\u00e3o da Transmiss\u00e3o Vertical de HIV, s\u00edfilis e hepatite B e na entrega dos Selos de Boas Pr\u00e1ticas Rumo \u00e0 Elimina\u00e7\u00e3o, realizada nesta ter\u00e7a-feira (03\/12) pelo Minist\u00e9rio da Sa\u00fade, em Bras\u00edlia. O evento reuniu representantes de todo o pa\u00eds para reconhecer pol\u00edticas p\u00fablicas que t\u00eam transformado a realidade da sa\u00fade materno-infantil no Brasil.<\/p>\n\n\n\n<p>\u201cEsse reconhecimento nacional mostra que Petr\u00f3polis est\u00e1 no caminho certo quando o assunto \u00e9 cuidado com a vida desde a gesta\u00e7\u00e3o. \u00c9 fruto de um trabalho s\u00e9rio, comprometido e integrado das nossas equipes de sa\u00fade, que atuam diariamente para garantir mais dignidade, preven\u00e7\u00e3o e prote\u00e7\u00e3o \u00e0s nossas gestantes e beb\u00eas\u201d, comentou o prefeito Hingo Hammes.<\/p>\n\n\n\n<p>A coordenadora do Servi\u00e7o de Assist\u00eancia Especializada, Susie Andries Nogueira; Sandra Pinto; o farmac\u00eautico Fernando Em\u00eddio e a enfermeira Rayane Becker participaram da cerim\u00f4nia. Eles integraram a Equipe Nacional de Valida\u00e7\u00e3o, respons\u00e1vel por avaliar e certificar estados e munic\u00edpios que atingem crit\u00e9rios rigorosos para a elimina\u00e7\u00e3o dessas infec\u00e7\u00f5es na transmiss\u00e3o da m\u00e3e para o beb\u00ea durante a gesta\u00e7\u00e3o, o parto ou a amamenta\u00e7\u00e3o.<\/p>\n\n\n\n<p>\u201cA participa\u00e7\u00e3o de Petr\u00f3polis no encontro nacional simboliza o protagonismo t\u00e9cnico do munic\u00edpio na constru\u00e7\u00e3o de um Brasil mais saud\u00e1vel desde o nascimento\u201d, comentou a coordenadora Sandra Pinto.<\/p>\n\n\n\n<p>O trabalho desenvolvido pelas equipes locais tem impacto direto na preven\u00e7\u00e3o, no diagn\u00f3stico precoce e no tratamento adequado, pilares fundamentais para que crian\u00e7as nas\u00e7am livres de infec\u00e7\u00f5es evit\u00e1veis. Para a Prefeitura, a certifica\u00e7\u00e3o \u00e9 tamb\u00e9m um reconhecimento do esfor\u00e7o coletivo que envolve profissionais da aten\u00e7\u00e3o b\u00e1sica, maternidades, vigil\u00e2ncia em sa\u00fade e laborat\u00f3rios.<\/p>\n\n\n\n<p>\u201cCada indicador alcan\u00e7ado representa uma vida protegida e um futuro com mais oportunidades. Nosso compromisso com a ci\u00eancia e a vida se traduz em resultados concretos, com mais cuidado, preven\u00e7\u00e3o e esperan\u00e7a para as novas gera\u00e7\u00f5es\u201d, destacou o secret\u00e1rio de Sa\u00fade, Dr. Aloisio Barbosa.<\/p>\n","protected":false},"excerpt":{"rendered":"<p>Servidores da Secretaria Municipal de Sa\u00fade marcaram presen\u00e7a na Cerim\u00f4nia Nacional de Certifica\u00e7\u00e3o da Elimina\u00e7\u00e3o<\/p>\n","protected":false},"author":1,"featured_media":49122,"comment_status":"closed","ping_status":"open","sticky":false,"template":"","format":"standard","meta":{"spay_email":"","footnotes":"","jetpack_publicize_message":""},"categories":[2],"tags":[],"jetpack_featured_media_url":"https:\/\/i1.wp.com\/jornaldeitaipava.com.br\/wp-content\/uploads\/2025\/12\/WhatsApp-Image-2025-12-04-at-15.26.55-1.jpeg?fit=925%2C519&ssl=1","jetpack_publicize_connections":[],"jetpack_sharing_enabled":true,"jetpack_likes_enabled":true,"jetpack-related-posts":[],"_links":{"self":[{"href":"https:\/\/jornaldeitaipava.com.br\/index.php\/wp-json\/wp\/v2\/posts\/49120"}],"collection":[{"href":"https:\/\/jornaldeitaipava.com.br\/index.php\/wp-json\/wp\/v2\/posts"}],"about":[{"href":"https:\/\/jornaldeitaipava.com.br\/index.php\/wp-json\/wp\/v2\/types\/post"}],"author":[{"embeddable":true,"href":"https:\/\/jornaldeitaipava.com.br\/index.php\/wp-json\/wp\/v2\/users\/1"}],"replies":[{"embeddable":true,"href":"https:\/\/jornaldeitaipava.com.br\/index.php\/wp-json\/wp\/v2\/comments?post=49120"}],"version-history":[{"count":1,"href":"https:\/\/jornaldeitaipava.com.br\/index.php\/wp-json\/wp\/v2\/posts\/49120\/revisions"}],"predecessor-version":[{"id":49123,"href":"https:\/\/jornaldeitaipava.com.br\/index.php\/wp-json\/wp\/v2\/posts\/49120\/revisions\/49123"}],"wp:featuredmedia":[{"embeddable":true,"href":"https:\/\/jornaldeitaipava.com.br\/index.php\/wp-json\/wp\/v2\/media\/49122"}],"wp:attachment":[{"href":"https:\/\/jornaldeitaipava.com.br\/index.php\/wp-json\/wp\/v2\/media?parent=49120"}],"wp:term":[{"taxonomy":"category","embeddable":true,"href":"https:\/\/jornaldeitaipava.com.br\/index.php\/wp-json\/wp\/v2\/categories?post=49120"},{"taxonomy":"post_tag","embeddable":true,"href":"https:\/\/jornaldeitaipava.com.br\/index.php\/wp-json\/wp\/v2\/tags?post=49120"}],"curies":[{"name":"wp","href":"https:\/\/api.w.org\/{rel}","templated":true}]}}