{"id":49127,"date":"2025-12-04T18:31:55","date_gmt":"2025-12-04T21:31:55","guid":{"rendered":"http:\/\/jornaldeitaipava.com.br\/?p=49127"},"modified":"2025-12-04T18:31:57","modified_gmt":"2025-12-04T21:31:57","slug":"escola-municipal-sao-judas-tadeu-celebra-sexto-lugar-de-estudante-no-tenis-de-mesa-da-paralimpiadas-escolares","status":"publish","type":"post","link":"https:\/\/jornaldeitaipava.com.br\/index.php\/2025\/12\/04\/escola-municipal-sao-judas-tadeu-celebra-sexto-lugar-de-estudante-no-tenis-de-mesa-da-paralimpiadas-escolares\/","title":{"rendered":"Escola Municipal S\u00e3o Judas Tadeu celebra sexto lugar de estudante no t\u00eanis de mesa da paralimp\u00edadas escolares"},"content":{"rendered":"\n<p>O estudante Iago Bravo Hensoldt da Escola Municipal S\u00e3o Judas Tadeu conquistou o sexto lugar no t\u00eanis de mesa na etapa nacional das Paralimp\u00edadas Escolares, que reuniu 2.056 atletas de todo o pa\u00eds. Iago, que treina no Centro de Refer\u00eancia Paral\u00edmpico na F\u00e1brica do Saber, participou na categoria B classe 11.<\/p>\n\n\n\n<p>\u201cA presen\u00e7a de Iago na competi\u00e7\u00e3o nacional confirma que os alunos da rede encontram oportunidades de crescimento esportivo em programas que incentivam a participa\u00e7\u00e3o em eventos de grande porte, com acompanhamento de profissionais que atuam em conjunto com as escolas\u201d, afirmou a secret\u00e1ria de Educa\u00e7\u00e3o, Poliana Ferrarez.<\/p>\n\n\n\n<p>A etapa nacional das Paralimp\u00edadas Escolares reuniu participantes de diferentes regi\u00f5es do pa\u00eds em modalidades focadas no desenvolvimento de jovens com defici\u00eancia no ambiente escolar.<\/p>\n\n\n\n<p>A subsecret\u00e1ria de Educa\u00e7\u00e3o, Ana Carolina Kapler, ressaltou o papel da comunidade escolar no resultado alcan\u00e7ado. \u201cO avan\u00e7o registrado por Iago evidencia o esfor\u00e7o do estudante, o suporte das equipes de Educa\u00e7\u00e3o e a participa\u00e7\u00e3o ativa de institui\u00e7\u00f5es que fortalecem os v\u00ednculos entre pr\u00e1tica esportiva e aprendizado\u201d, disse.<\/p>\n\n\n\n<p>O Centro de Refer\u00eancia Paral\u00edmpico na F\u00e1brica do Saber promove treinos cont\u00ednuos e a\u00e7\u00f5es voltadas ao esporte adaptado, contribuindo para o surgimento de novos atletas na rede municipal.<\/p>\n\n\n\n<p>\u201cO compromisso com o esporte inclusivo segue como prioridade da Secretaria, pois cada resultado alcan\u00e7ado demonstra que estamos no caminho certo para ampliar oportunidades e garantir que mais jovens possam se desenvolver por meio das pr\u00e1ticas esportivas\u201d, destacou o secret\u00e1rio de Esporte, Lazer, Pessoa com Defici\u00eancia e Mobilidade Reduzida, Leandro Jorge Kronemberger.<\/p>\n","protected":false},"excerpt":{"rendered":"<p>O estudante Iago Bravo Hensoldt da Escola Municipal S\u00e3o Judas Tadeu conquistou o sexto lugar<\/p>\n","protected":false},"author":1,"featured_media":49129,"comment_status":"closed","ping_status":"open","sticky":false,"template":"","format":"standard","meta":{"spay_email":"","footnotes":"","jetpack_publicize_message":""},"categories":[9],"tags":[],"jetpack_featured_media_url":"https:\/\/i0.wp.com\/jornaldeitaipava.com.br\/wp-content\/uploads\/2025\/12\/WhatsApp-Image-2025-12-03-at-16.34.35-1-e1764883898418.jpeg?fit=900%2C725&ssl=1","jetpack_publicize_connections":[],"jetpack_sharing_enabled":true,"jetpack_likes_enabled":true,"jetpack-related-posts":[],"_links":{"self":[{"href":"https:\/\/jornaldeitaipava.com.br\/index.php\/wp-json\/wp\/v2\/posts\/49127"}],"collection":[{"href":"https:\/\/jornaldeitaipava.com.br\/index.php\/wp-json\/wp\/v2\/posts"}],"about":[{"href":"https:\/\/jornaldeitaipava.com.br\/index.php\/wp-json\/wp\/v2\/types\/post"}],"author":[{"embeddable":true,"href":"https:\/\/jornaldeitaipava.com.br\/index.php\/wp-json\/wp\/v2\/users\/1"}],"replies":[{"embeddable":true,"href":"https:\/\/jornaldeitaipava.com.br\/index.php\/wp-json\/wp\/v2\/comments?post=49127"}],"version-history":[{"count":1,"href":"https:\/\/jornaldeitaipava.com.br\/index.php\/wp-json\/wp\/v2\/posts\/49127\/revisions"}],"predecessor-version":[{"id":49130,"href":"https:\/\/jornaldeitaipava.com.br\/index.php\/wp-json\/wp\/v2\/posts\/49127\/revisions\/49130"}],"wp:featuredmedia":[{"embeddable":true,"href":"https:\/\/jornaldeitaipava.com.br\/index.php\/wp-json\/wp\/v2\/media\/49129"}],"wp:attachment":[{"href":"https:\/\/jornaldeitaipava.com.br\/index.php\/wp-json\/wp\/v2\/media?parent=49127"}],"wp:term":[{"taxonomy":"category","embeddable":true,"href":"https:\/\/jornaldeitaipava.com.br\/index.php\/wp-json\/wp\/v2\/categories?post=49127"},{"taxonomy":"post_tag","embeddable":true,"href":"https:\/\/jornaldeitaipava.com.br\/index.php\/wp-json\/wp\/v2\/tags?post=49127"}],"curies":[{"name":"wp","href":"https:\/\/api.w.org\/{rel}","templated":true}]}}