{"id":49131,"date":"2025-12-04T18:33:05","date_gmt":"2025-12-04T21:33:05","guid":{"rendered":"http:\/\/jornaldeitaipava.com.br\/?p=49131"},"modified":"2025-12-04T18:33:07","modified_gmt":"2025-12-04T21:33:07","slug":"petropolis-inicia-capacitacao-do-radar-banda-x","status":"publish","type":"post","link":"https:\/\/jornaldeitaipava.com.br\/index.php\/2025\/12\/04\/petropolis-inicia-capacitacao-do-radar-banda-x\/","title":{"rendered":"Petr\u00f3polis inicia capacita\u00e7\u00e3o do radar Banda X"},"content":{"rendered":"\n<p class=\"has-text-align-center\"><strong>_Previs\u00e3o \u00e9 que o equipamento entre em opera\u00e7\u00e3o neste ver\u00e3o*<\/strong><\/p>\n\n\n\n<p>T\u00e9cnicos da Prefeitura come\u00e7aram esta semana a capacita\u00e7\u00e3o para opera\u00e7\u00e3o do radar meteorol\u00f3gico Banda X. O equipamento de ponta, importado da Finl\u00e2ndia, est\u00e1 instalado no Morin e vai colocar a cidade em um novo patamar de monitoramento clim\u00e1tico. A previs\u00e3o \u00e9 que o sistema esteja em pleno funcionamento para o ver\u00e3o.<\/p>\n\n\n\n<p>\u201cA chegada do radar Banda X \u00e9 um investimento estrat\u00e9gico em tecnologia que nos permitir\u00e1 antecipar cen\u00e1rios de risco e, principalmente, proteger a vida da popula\u00e7\u00e3o. Durante todo o ano realizamos a\u00e7\u00f5es de preven\u00e7\u00e3o e prepara\u00e7\u00e3o da cidade para o per\u00edodo de fortes chuvas, e o radar Banda X ser\u00e1 fundamental para aprimorar a tomada de decis\u00f5es das equipes de emerg\u00eancia\u201d, destacou o prefeito Hingo Hammes.<\/p>\n\n\n\n<p>O curso \u00e9 promovido pela Hobeco, representante da empresa finlandesa Vaisala. A capacita\u00e7\u00e3o come\u00e7ou nesta ter\u00e7a-feira (02\/12) e vai acontecer durante toda a semana. \u201cO radar Banda X tem maior resolu\u00e7\u00e3o, velocidade e precis\u00e3o, por isso \u00e9 importante essa capacita\u00e7\u00e3o para que n\u00f3s t\u00e9cnicos estejamos preparados para operar o radar\u201d, ressaltou a meteorologista da Defesa Civil, Rafaela Filipe.<\/p>\n\n\n\n<p>O t\u00e9cnico da Prefeitura, Marcelo Sies, que participou do treinamento na sede da empresa finlandesa Vaisala, em Helsinque, respons\u00e1vel pela fabrica\u00e7\u00e3o do equipamento, tamb\u00e9m est\u00e1 participando da capacita\u00e7\u00e3o iniciada nesta semana. \u201cEstive na Finl\u00e2ndia para o acompanhamento dos testes e agora estou fazendo esta nova capacita\u00e7\u00e3o para aferi\u00e7\u00e3o do equipamento\u201d.<\/p>\n\n\n\n<p>\u201cA alta tecnologia do radar meteorol\u00f3gico Banda X permitir\u00e1 a identifica\u00e7\u00e3o antecipada e detalhada da chuva em um curto alcance. Com isso, o monitoramento meteorol\u00f3gico feito pela Defesa Civil ficar\u00e1 mais completo e assertivo, colaborando para uma cidade mais segura e preparada\u201d, frisou o secret\u00e1rio de Prote\u00e7\u00e3o e Defesa Civil, Guilherme Moraes.<\/p>\n","protected":false},"excerpt":{"rendered":"<p>_Previs\u00e3o \u00e9 que o equipamento entre em opera\u00e7\u00e3o neste ver\u00e3o* T\u00e9cnicos da Prefeitura come\u00e7aram esta<\/p>\n","protected":false},"author":1,"featured_media":49132,"comment_status":"closed","ping_status":"open","sticky":false,"template":"","format":"standard","meta":{"spay_email":"","footnotes":"","jetpack_publicize_message":""},"categories":[24],"tags":[],"jetpack_featured_media_url":"https:\/\/i2.wp.com\/jornaldeitaipava.com.br\/wp-content\/uploads\/2025\/12\/WhatsApp-Image-2025-12-03-at-14.34.46.jpeg?fit=1600%2C900&ssl=1","jetpack_publicize_connections":[],"jetpack_sharing_enabled":true,"jetpack_likes_enabled":true,"jetpack-related-posts":[],"_links":{"self":[{"href":"https:\/\/jornaldeitaipava.com.br\/index.php\/wp-json\/wp\/v2\/posts\/49131"}],"collection":[{"href":"https:\/\/jornaldeitaipava.com.br\/index.php\/wp-json\/wp\/v2\/posts"}],"about":[{"href":"https:\/\/jornaldeitaipava.com.br\/index.php\/wp-json\/wp\/v2\/types\/post"}],"author":[{"embeddable":true,"href":"https:\/\/jornaldeitaipava.com.br\/index.php\/wp-json\/wp\/v2\/users\/1"}],"replies":[{"embeddable":true,"href":"https:\/\/jornaldeitaipava.com.br\/index.php\/wp-json\/wp\/v2\/comments?post=49131"}],"version-history":[{"count":1,"href":"https:\/\/jornaldeitaipava.com.br\/index.php\/wp-json\/wp\/v2\/posts\/49131\/revisions"}],"predecessor-version":[{"id":49133,"href":"https:\/\/jornaldeitaipava.com.br\/index.php\/wp-json\/wp\/v2\/posts\/49131\/revisions\/49133"}],"wp:featuredmedia":[{"embeddable":true,"href":"https:\/\/jornaldeitaipava.com.br\/index.php\/wp-json\/wp\/v2\/media\/49132"}],"wp:attachment":[{"href":"https:\/\/jornaldeitaipava.com.br\/index.php\/wp-json\/wp\/v2\/media?parent=49131"}],"wp:term":[{"taxonomy":"category","embeddable":true,"href":"https:\/\/jornaldeitaipava.com.br\/index.php\/wp-json\/wp\/v2\/categories?post=49131"},{"taxonomy":"post_tag","embeddable":true,"href":"https:\/\/jornaldeitaipava.com.br\/index.php\/wp-json\/wp\/v2\/tags?post=49131"}],"curies":[{"name":"wp","href":"https:\/\/api.w.org\/{rel}","templated":true}]}}