{"id":49134,"date":"2025-12-04T18:40:15","date_gmt":"2025-12-04T21:40:15","guid":{"rendered":"http:\/\/jornaldeitaipava.com.br\/?p=49134"},"modified":"2025-12-04T18:40:17","modified_gmt":"2025-12-04T21:40:17","slug":"prefeitura-abre-periodo-de-pre-matricula-para-a-rede-municipal-de-ensino-nesta-sexta-feira-05","status":"publish","type":"post","link":"https:\/\/jornaldeitaipava.com.br\/index.php\/2025\/12\/04\/prefeitura-abre-periodo-de-pre-matricula-para-a-rede-municipal-de-ensino-nesta-sexta-feira-05\/","title":{"rendered":"Prefeitura abre per\u00edodo de pr\u00e9-matr\u00edcula para a rede municipal de ensino nesta sexta-feira (05)"},"content":{"rendered":"\n<p class=\"has-text-align-center\"><strong>Processo segue at\u00e9 22 de dezembro com inscri\u00e7\u00e3o on-line ou presencial<\/strong><\/p>\n\n\n\n<p>Come\u00e7a nesta sexta-feira (05\/12), a partir das 14h, o per\u00edodo de pr\u00e9-matr\u00edcula para a rede municipal de ensino 2026. As inscri\u00e7\u00f5es v\u00e3o at\u00e9 22 de dezembro e devem ser feitas no site da Prefeitura (petropolis.rj.gov.br).<\/p>\n\n\n\n<p>A pr\u00e9-matr\u00edcula \u00e9 para idades de 3 a 5 anos, Ensino Fundamental (anos iniciais, anos finais), Ensino M\u00e9dio no Liceu Municipal Cordolino Ambr\u00f3sio e Educa\u00e7\u00e3o de Jovens e Adultos (EJA).<\/p>\n\n\n\n<p>\u201c\u00c9 importante que as fam\u00edlias fiquem atentas aos prazos e acompanhe todas as etapas at\u00e9 a finaliza\u00e7\u00e3o do processo de matr\u00edcula\u201d, ressaltou o prefeito Hingo Hammes.<\/p>\n\n\n\n<p>A matr\u00edcula poder\u00e1 ser conclu\u00edda pelo aparelho celular. Haver\u00e1 notifica\u00e7\u00e3o pelo WhatsApp para informar a escola contemplada e agendamento remoto para entrevistas de estudantes com defici\u00eancia, garantindo prioridade e atendimento.<\/p>\n\n\n\n<p>\u201cEstamos oferecendo mais canais para garantir que cada respons\u00e1vel conclua o procedimento com clareza de informa\u00e7\u00f5es e acompanhamento pr\u00f3ximo do poder p\u00fablico\u201d, destacou a secret\u00e1ria de Educa\u00e7\u00e3o, Poliana Ferrarez.<\/p>\n\n\n\n<p>Al\u00e9m do atendimento on-line, os respons\u00e1veis podem comparecer ao Setor de Matr\u00edculas da Secretaria de Educa\u00e7\u00e3o, que fica localizado na Rua da Imperatriz, n\u00famero 193, no Centro. O telefone fixo \u00e9 (24) 2246 8685 e o WhatsApp \u00e9 (24) 2246 8683. E tamb\u00e9m podem buscar atendimento no Polo da Secretaria de Educa\u00e7\u00e3o em Itaipava, que funciona na Estrada Uni\u00e3o e Ind\u00fastria, n\u00famero 10.000 (no Parque Municipal Prefeito Paulo Rattes). Os telefones s\u00e3o: fixo (24) 2246 8803 e WhatsApp (24) 2246 8482. H\u00e1 ainda atendimento pelo e-mail seematricula@gmail.com.<\/p>\n\n\n\n<p>O comprovante da inscri\u00e7\u00e3o ser\u00e1 utilizado para verificar orienta\u00e7\u00f5es sobre efetiva\u00e7\u00e3o da matr\u00edcula. A distribui\u00e7\u00e3o das vagas seguir\u00e1 crit\u00e9rios legais, considerando prioridade para pessoas com defici\u00eancia, conviv\u00eancia de irm\u00e3os na mesma unidade escolar e proximidade entre resid\u00eancia e escola indicada. Os respons\u00e1veis devem acompanhar comunicados e atualiza\u00e7\u00f5es pelos canais oficiais da administra\u00e7\u00e3o p\u00fablica.<\/p>\n\n\n\n<p>As inscri\u00e7\u00f5es para centros de Educa\u00e7\u00e3o Infantil (CEIS) ocorrer\u00e3o a partir de cinco de janeiro de 2026.<\/p>\n","protected":false},"excerpt":{"rendered":"<p>Processo segue at\u00e9 22 de dezembro com inscri\u00e7\u00e3o on-line ou presencial Come\u00e7a nesta sexta-feira (05\/12),<\/p>\n","protected":false},"author":1,"featured_media":8701,"comment_status":"closed","ping_status":"open","sticky":false,"template":"","format":"standard","meta":{"spay_email":"","footnotes":"","jetpack_publicize_message":""},"categories":[24],"tags":[],"jetpack_featured_media_url":"https:\/\/i2.wp.com\/jornaldeitaipava.com.br\/wp-content\/uploads\/2021\/01\/educacao.jpg?fit=549%2C316&ssl=1","jetpack_publicize_connections":[],"jetpack_sharing_enabled":true,"jetpack_likes_enabled":true,"jetpack-related-posts":[],"_links":{"self":[{"href":"https:\/\/jornaldeitaipava.com.br\/index.php\/wp-json\/wp\/v2\/posts\/49134"}],"collection":[{"href":"https:\/\/jornaldeitaipava.com.br\/index.php\/wp-json\/wp\/v2\/posts"}],"about":[{"href":"https:\/\/jornaldeitaipava.com.br\/index.php\/wp-json\/wp\/v2\/types\/post"}],"author":[{"embeddable":true,"href":"https:\/\/jornaldeitaipava.com.br\/index.php\/wp-json\/wp\/v2\/users\/1"}],"replies":[{"embeddable":true,"href":"https:\/\/jornaldeitaipava.com.br\/index.php\/wp-json\/wp\/v2\/comments?post=49134"}],"version-history":[{"count":1,"href":"https:\/\/jornaldeitaipava.com.br\/index.php\/wp-json\/wp\/v2\/posts\/49134\/revisions"}],"predecessor-version":[{"id":49135,"href":"https:\/\/jornaldeitaipava.com.br\/index.php\/wp-json\/wp\/v2\/posts\/49134\/revisions\/49135"}],"wp:featuredmedia":[{"embeddable":true,"href":"https:\/\/jornaldeitaipava.com.br\/index.php\/wp-json\/wp\/v2\/media\/8701"}],"wp:attachment":[{"href":"https:\/\/jornaldeitaipava.com.br\/index.php\/wp-json\/wp\/v2\/media?parent=49134"}],"wp:term":[{"taxonomy":"category","embeddable":true,"href":"https:\/\/jornaldeitaipava.com.br\/index.php\/wp-json\/wp\/v2\/categories?post=49134"},{"taxonomy":"post_tag","embeddable":true,"href":"https:\/\/jornaldeitaipava.com.br\/index.php\/wp-json\/wp\/v2\/tags?post=49134"}],"curies":[{"name":"wp","href":"https:\/\/api.w.org\/{rel}","templated":true}]}}