{"id":49136,"date":"2025-12-04T18:42:42","date_gmt":"2025-12-04T21:42:42","guid":{"rendered":"http:\/\/jornaldeitaipava.com.br\/?p=49136"},"modified":"2025-12-04T18:42:44","modified_gmt":"2025-12-04T21:42:44","slug":"papai-noel-chegara-de-helicoptero-ao-bramil-de-itaipava-no-dia-13-de-dezembro","status":"publish","type":"post","link":"https:\/\/jornaldeitaipava.com.br\/index.php\/2025\/12\/04\/papai-noel-chegara-de-helicoptero-ao-bramil-de-itaipava-no-dia-13-de-dezembro\/","title":{"rendered":"Papai Noel chegar\u00e1 de helic\u00f3ptero ao Bramil de Itaipava no dia 13 de dezembro"},"content":{"rendered":"\n<p class=\"has-text-align-center\"><strong>Evento gratuito contar\u00e1 com a presen\u00e7a de bandas e personagens<\/strong><\/p>\n\n\n\n<p>O esp\u00edrito natalino vai tomar conta do distrito de Itaipava, em Petr\u00f3polis. Isso porque um dos momentos mais aguardados pelas fam\u00edlias da regi\u00e3o se aproxima. Mantendo uma tradi\u00e7\u00e3o que atravessa 14 anos, o Bramil promover\u00e1 mais uma vez a emocionante chegada do Papai Noel de helic\u00f3ptero, no estacionamento da unidade, no pr\u00f3ximo s\u00e1bado (13), a partir das 10h.<\/p>\n\n\n\n<p>Na ocasi\u00e3o, crian\u00e7as e adultos poder\u00e3o vivenciar uma manh\u00e3 especial ao lado do bom velhinho. Al\u00e9m da chegada a\u00e9rea, que sempre surpreende os pequenos, a programa\u00e7\u00e3o contar\u00e1 com distribui\u00e7\u00e3o de bolo, pipoca, algod\u00e3o doce, apresenta\u00e7\u00e3o de bandas, e ainda a presen\u00e7a de personagens tem\u00e1ticos que ajudam a tornar o cen\u00e1rio ainda mais m\u00e1gico.<\/p>\n\n\n\n<p>\u201cO evento j\u00e1 faz parte do calend\u00e1rio afetivo da comunidade! Ent\u00e3o vamos novamente transformar o estacionamento lateral da loja em um grande encontro de alegria, encantamento e conviv\u00eancia. O Natal \u00e9 uma \u00e9poca que desperta mem\u00f3rias afetivas e fortalece v\u00ednculos. Para n\u00f3s, \u00e9 muito especial oferecer gratuitamente um momento que re\u00fane divers\u00e3o e emo\u00e7\u00e3o\u201d, disse a consultora de responsabilidade social do Bramil, Alda Amaral.<\/p>\n\n\n\n<p>Com entrada gratuita, o evento \u00e9 aberto ao p\u00fablico e promete encantar moradores e visitantes que estiverem na regi\u00e3o.<\/p>\n\n\n\n<p><strong>Servi\u00e7o<\/strong><br>Chegada do Papai Noel de helic\u00f3ptero<br>Data: 13 de dezembro de 2025<br>Local: Bramil de Itaipava \u2013 Estrada Uni\u00e3o e Ind\u00fastria, 11881 \u2013 Itaipava, Petr\u00f3polis<br>Hor\u00e1rio: 10h<br>Evento gratuito<\/p>\n","protected":false},"excerpt":{"rendered":"<p>Evento gratuito contar\u00e1 com a presen\u00e7a de bandas e personagens O esp\u00edrito natalino vai tomar<\/p>\n","protected":false},"author":1,"featured_media":49137,"comment_status":"closed","ping_status":"open","sticky":false,"template":"","format":"standard","meta":{"spay_email":"","footnotes":"","jetpack_publicize_message":""},"categories":[2],"tags":[],"jetpack_featured_media_url":"https:\/\/i0.wp.com\/jornaldeitaipava.com.br\/wp-content\/uploads\/2025\/12\/WhatsApp-Image-2025-12-04-at-16.21.16-e1764884543819.jpeg?fit=917%2C712&ssl=1","jetpack_publicize_connections":[],"jetpack_sharing_enabled":true,"jetpack_likes_enabled":true,"jetpack-related-posts":[],"_links":{"self":[{"href":"https:\/\/jornaldeitaipava.com.br\/index.php\/wp-json\/wp\/v2\/posts\/49136"}],"collection":[{"href":"https:\/\/jornaldeitaipava.com.br\/index.php\/wp-json\/wp\/v2\/posts"}],"about":[{"href":"https:\/\/jornaldeitaipava.com.br\/index.php\/wp-json\/wp\/v2\/types\/post"}],"author":[{"embeddable":true,"href":"https:\/\/jornaldeitaipava.com.br\/index.php\/wp-json\/wp\/v2\/users\/1"}],"replies":[{"embeddable":true,"href":"https:\/\/jornaldeitaipava.com.br\/index.php\/wp-json\/wp\/v2\/comments?post=49136"}],"version-history":[{"count":1,"href":"https:\/\/jornaldeitaipava.com.br\/index.php\/wp-json\/wp\/v2\/posts\/49136\/revisions"}],"predecessor-version":[{"id":49138,"href":"https:\/\/jornaldeitaipava.com.br\/index.php\/wp-json\/wp\/v2\/posts\/49136\/revisions\/49138"}],"wp:featuredmedia":[{"embeddable":true,"href":"https:\/\/jornaldeitaipava.com.br\/index.php\/wp-json\/wp\/v2\/media\/49137"}],"wp:attachment":[{"href":"https:\/\/jornaldeitaipava.com.br\/index.php\/wp-json\/wp\/v2\/media?parent=49136"}],"wp:term":[{"taxonomy":"category","embeddable":true,"href":"https:\/\/jornaldeitaipava.com.br\/index.php\/wp-json\/wp\/v2\/categories?post=49136"},{"taxonomy":"post_tag","embeddable":true,"href":"https:\/\/jornaldeitaipava.com.br\/index.php\/wp-json\/wp\/v2\/tags?post=49136"}],"curies":[{"name":"wp","href":"https:\/\/api.w.org\/{rel}","templated":true}]}}