{"id":49142,"date":"2025-12-04T18:47:05","date_gmt":"2025-12-04T21:47:05","guid":{"rendered":"http:\/\/jornaldeitaipava.com.br\/?p=49142"},"modified":"2025-12-04T18:47:08","modified_gmt":"2025-12-04T21:47:08","slug":"unita-e-a-mais-nova-associada-ao-movimento-petropolis-2030","status":"publish","type":"post","link":"https:\/\/jornaldeitaipava.com.br\/index.php\/2025\/12\/04\/unita-e-a-mais-nova-associada-ao-movimento-petropolis-2030\/","title":{"rendered":"Unita \u00e9 a mais nova associada ao Movimento Petr\u00f3polis 2030"},"content":{"rendered":"\n<p><strong>Frente empresarial soma 32 entidades e representa mais de 100 mil postos de trabalho<\/strong><\/p>\n\n\n\n<p>A Unidos por Itaipava (Unita) acaba de se tornar a mais nova integrante do movimento Petr\u00f3polis 2030, ampliando a representatividade do grupo, que passa a reunir 32 entidades empresariais e da sociedade organizada em torno de pautas estruturantes para o desenvolvimento da cidade. Criada em agosto de 2024 por empres\u00e1rios e moradores do terceiro distrito, a Unita tem como foco central a mobilidade urbana, tema considerado decisivo para o presente e o futuro de Itaipava.<\/p>\n\n\n\n<p>O movimento nasceu com objetivo de apontar metas e articular a\u00e7\u00f5es para o desenvolvimento sustent\u00e1vel e tecnol\u00f3gico de Petr\u00f3polis at\u00e9 2030, sem bandeiras pol\u00edticas. Hoje, j\u00e1 \u00e9 considerado uma das maiores articula\u00e7\u00f5es locais, envolvendo setores como turismo, tecnologia, com\u00e9rcio e servi\u00e7os que, juntos, somam mais de 100 mil postos de trabalho na cidade. A meta \u00e9 que, at\u00e9 2030, Petr\u00f3polis esteja consolidada como refer\u00eancia em inova\u00e7\u00e3o, qualidade de vida e desenvolvimento econ\u00f4mico equilibrado.<\/p>\n\n\n\n<p>A oficializa\u00e7\u00e3o da ades\u00e3o foi feita pelo presidente da Unita, Alexandre Plantz, em encontro com Cl\u00e1udio Mohammad, presidente da C\u00e2mara de Dirigentes Lojistas de Petr\u00f3polis (CDL) \u2014 entidade que lidera o Petr\u00f3polis 2030 desde sua cria\u00e7\u00e3o, em abril de 2023. Para o movimento, a entrada da Unita refor\u00e7a a necessidade de ampliar o di\u00e1logo com os distritos e conectar diferentes regi\u00f5es da cidade \u00e0s discuss\u00f5es estrat\u00e9gicas que envolvem infraestrutura, circula\u00e7\u00e3o urbana, competitividade econ\u00f4mica e qualidade de vida.<\/p>\n\n\n\n<p>Cl\u00e1udio Mohammad destacou a import\u00e2ncia de incluir um grupo que tem atuado diretamente em quest\u00f5es urgentes de Itaipava. \u201cA mobilidade \u00e9 um dos pilares das demandas atuais da cidade, e Itaipava vive desafios di\u00e1rios que precisam de aten\u00e7\u00e3o t\u00e9cnica, articula\u00e7\u00e3o e uni\u00e3o. A chegada da Unita fortalece essa agenda e aproxima ainda mais o terceiro distrito das discuss\u00f5es que podem transformar Petr\u00f3polis nos pr\u00f3ximos anos. O movimento Petr\u00f3polis 2030 cresce porque re\u00fane entidades que querem fazer, propor e participar das solu\u00e7\u00f5es.\u201d<\/p>\n\n\n\n<p>Alexandre Plantz afirma que a entrada no Petr\u00f3polis 2030 amplia a capacidade de a Unita atuar de forma propositiva. \u201cItaipava precisa ser vista dentro da l\u00f3gica do munic\u00edpio como um todo. Mobilidade n\u00e3o \u00e9 um assunto isolado: impacta com\u00e9rcio, turismo, rotina dos moradores e desenvolvimento urbano. Estar no Petr\u00f3polis 2030 significa somar, contribuir e tamb\u00e9m aprender com outras entidades que compartilham dos mesmos objetivos. Nosso compromisso \u00e9 colaborar ativamente para que as decis\u00f5es estrat\u00e9gicas incluam as realidades do distrito.\u201d<\/p>\n\n\n\n<p>Com a ades\u00e3o da Unita, o movimento Petr\u00f3polis 2030 refor\u00e7a sua atua\u00e7\u00e3o como f\u00f3rum permanente de di\u00e1logo entre o setor produtivo e a sociedade, consolidado como espa\u00e7o de constru\u00e7\u00e3o coletiva voltado a pol\u00edticas p\u00fablicas sustent\u00e1veis e de impacto duradouro.<\/p>\n\n\n\n<p><strong>Hist\u00f3rico do Movimento Petr\u00f3polis 2030<\/strong><\/p>\n\n\n\n<p>Criado em abril de 2023, o movimento Petr\u00f3polis 2030 nasceu da articula\u00e7\u00e3o de entidades empresariais e representativas da sociedade civil com o objetivo de construir uma agenda estrat\u00e9gica para o desenvolvimento econ\u00f4mico, urbano e social do munic\u00edpio. Inicialmente formado por pouco mais de 20 institui\u00e7\u00f5es, o grupo rapidamente cresceu e hoje re\u00fane 32 entidades, consolidando-se como um dos principais f\u00f3runs permanentes de di\u00e1logo da cidade. Entre suas pautas priorit\u00e1rias est\u00e3o mobilidade urbana, simplifica\u00e7\u00e3o tribut\u00e1ria, ambiente de neg\u00f3cios, apoio ao setor produtivo, moderniza\u00e7\u00e3o da infraestrutura, est\u00edmulo ao turismo, qualifica\u00e7\u00e3o profissional e fortalecimento de pol\u00edticas p\u00fablicas sustent\u00e1veis. O movimento promove reuni\u00f5es t\u00e9cnicas, estudos, articula\u00e7\u00f5es com o poder p\u00fablico e atua de forma suprapartid\u00e1ria, sempre com foco na competitividade da cidade e na constru\u00e7\u00e3o de solu\u00e7\u00f5es de longo prazo.Entre as pautas do movimento Petr\u00f3polis 2030 constam a conclus\u00e3o urgente da nova subida da serra pela BR-040; a instala\u00e7\u00e3o de um polo de inova\u00e7\u00e3o\/tecnologia \u00e0s margens da BR-040; a expans\u00e3o do g\u00e1s natural encanado e melhorias na infraestrutura energ\u00e9tica; a cria\u00e7\u00e3o de um distrito ou faculdade de tecnologia e infraestrutura educacional para forma\u00e7\u00e3o profissional; e a implanta\u00e7\u00e3o de um heliporto e de um radar meteorol\u00f3gico<\/p>\n","protected":false},"excerpt":{"rendered":"<p>Frente empresarial soma 32 entidades e representa mais de 100 mil postos de trabalho A<\/p>\n","protected":false},"author":1,"featured_media":49143,"comment_status":"closed","ping_status":"open","sticky":false,"template":"","format":"standard","meta":{"spay_email":"","footnotes":"","jetpack_publicize_message":""},"categories":[24],"tags":[],"jetpack_featured_media_url":"https:\/\/i0.wp.com\/jornaldeitaipava.com.br\/wp-content\/uploads\/2025\/12\/Claudio-Mohammad-e-Alexandre-Plantz-Unita2.jpeg?fit=1067%2C635&ssl=1","jetpack_publicize_connections":[],"jetpack_sharing_enabled":true,"jetpack_likes_enabled":true,"jetpack-related-posts":[],"_links":{"self":[{"href":"https:\/\/jornaldeitaipava.com.br\/index.php\/wp-json\/wp\/v2\/posts\/49142"}],"collection":[{"href":"https:\/\/jornaldeitaipava.com.br\/index.php\/wp-json\/wp\/v2\/posts"}],"about":[{"href":"https:\/\/jornaldeitaipava.com.br\/index.php\/wp-json\/wp\/v2\/types\/post"}],"author":[{"embeddable":true,"href":"https:\/\/jornaldeitaipava.com.br\/index.php\/wp-json\/wp\/v2\/users\/1"}],"replies":[{"embeddable":true,"href":"https:\/\/jornaldeitaipava.com.br\/index.php\/wp-json\/wp\/v2\/comments?post=49142"}],"version-history":[{"count":1,"href":"https:\/\/jornaldeitaipava.com.br\/index.php\/wp-json\/wp\/v2\/posts\/49142\/revisions"}],"predecessor-version":[{"id":49144,"href":"https:\/\/jornaldeitaipava.com.br\/index.php\/wp-json\/wp\/v2\/posts\/49142\/revisions\/49144"}],"wp:featuredmedia":[{"embeddable":true,"href":"https:\/\/jornaldeitaipava.com.br\/index.php\/wp-json\/wp\/v2\/media\/49143"}],"wp:attachment":[{"href":"https:\/\/jornaldeitaipava.com.br\/index.php\/wp-json\/wp\/v2\/media?parent=49142"}],"wp:term":[{"taxonomy":"category","embeddable":true,"href":"https:\/\/jornaldeitaipava.com.br\/index.php\/wp-json\/wp\/v2\/categories?post=49142"},{"taxonomy":"post_tag","embeddable":true,"href":"https:\/\/jornaldeitaipava.com.br\/index.php\/wp-json\/wp\/v2\/tags?post=49142"}],"curies":[{"name":"wp","href":"https:\/\/api.w.org\/{rel}","templated":true}]}}