{"id":49145,"date":"2025-12-04T18:49:38","date_gmt":"2025-12-04T21:49:38","guid":{"rendered":"http:\/\/jornaldeitaipava.com.br\/?p=49145"},"modified":"2025-12-04T18:49:40","modified_gmt":"2025-12-04T21:49:40","slug":"concursandos-impulsionam-ocupacao-hoteleira-em-petropolis-no-fim-de-semana-da-prova-do-cnu-e-acesso-a-ufjf","status":"publish","type":"post","link":"https:\/\/jornaldeitaipava.com.br\/index.php\/2025\/12\/04\/concursandos-impulsionam-ocupacao-hoteleira-em-petropolis-no-fim-de-semana-da-prova-do-cnu-e-acesso-a-ufjf\/","title":{"rendered":"Concursandos impulsionam ocupa\u00e7\u00e3o hoteleira em Petr\u00f3polis no fim de semana da prova do CNU e acesso \u00e0 UFJF"},"content":{"rendered":"\n<blockquote class=\"wp-block-quote\">\n<blockquote class=\"wp-block-quote\">\n<p>A realiza\u00e7\u00e3o das provas discursivas do Concurso Nacional Unificado (CNU) e do vestibular da Universidade Federal de Juiz de Fora, marcada para este fim de semana, com locais de prova na cidade, j\u00e1 provoca um movimento at\u00edpico na rede hoteleira de Petr\u00f3polis. Hot\u00e9is e pousadas da cidade registram ocupa\u00e7\u00e3o superior a 92% para as noites de sexta (6) e s\u00e1bado (7), \u00edndice considerado alto para o per\u00edodo e que impacta positivamente o setor.<\/p>\n\n\n\n<p>O processo seletivo criado pelo governo federal para reunir em uma \u00fanica prova as vagas de diversos \u00f3rg\u00e3os p\u00fablicos vai ser realizado s\u00e1bado. O modelo centraliza inscri\u00e7\u00f5es, etapas e avalia\u00e7\u00e3o, substituindo concursos separados e distribuindo os candidatos conforme a carreira escolhida. S\u00e3o 42,4 mil candidatos que participam da segunda etapa em todo o Brasil, distribu\u00eddos em 228 munic\u00edpios, incluindo Petr\u00f3polis.<\/p>\n\n\n\n<p>J\u00e1 o Programa de Ingresso Seletivo Misto 2026 da UFJF \u00e9 o vestibular seriado da Universidade Federal de Juiz de Fora, que distribui 2.256 vagas em 76 cursos de gradua\u00e7\u00e3o nos campi de Juiz de Fora e Governador Valadares. As provas acontecem nos dias 6 e 7 de dezembro e representam uma das principais portas de entrada para a institui\u00e7\u00e3o.&nbsp;&nbsp;Al\u00e9m das cidades mineiras de Juiz de Fora, Governador Valadares e Muria\u00e9, Petr\u00f3polis e Tr\u00eas Rios tamb\u00e9m s\u00e3o locais de prova. S\u00f3 em Petr\u00f3polis s\u00e3o 6.632 candidatos prestando o concurso.<\/p>\n\n\n\n<p>Segundo o Petr\u00f3polis Convention &amp; Visitors Bureau, o volume de reservas come\u00e7ou a crescer no in\u00edcio da semana e se intensificou rapidamente. Embora cerca de 2,5 mil inscritos para as provas do CNU sejam moradores de Petr\u00f3polis, reservas v\u00eam de candidatos de outras cidades, que est\u00e3o antecipando a chegada para evitar imprevistos no deslocamento at\u00e9 os locais de prova.&nbsp;&nbsp;Da mesma forma que o vestibular da UFJF com provas em Petr\u00f3polis tamb\u00e9m atrai estudantes de outras cidades.<\/p>\n\n\n\n<p>\u201cPercebemos um fluxo que foge completamente ao padr\u00e3o de um fim de semana comum. Muitos hot\u00e9is nos relataram que, ao identificar a origem das reservas, constataram uma procura forte de candidatos de fora. Para o setor, \u00e9 um movimento muito bem-vindo\u201d, afirma Fabiano Barros, presidente do Petr\u00f3polis Convention &amp; Visitors Bureau.<\/p>\n\n\n\n<p>De acordo o Petr\u00f3polis Convention, os concursos acabaram funcionando como um pequeno evento de turismo de neg\u00f3cios, movimentando n\u00e3o apenas os meios de hospedagem, mas tamb\u00e9m restaurantes, transporte e servi\u00e7os de conveni\u00eancia. \u201cEsse tipo de demanda mostra que Petr\u00f3polis tem capacidade e infraestrutura para receber p\u00fablicos expressivos mesmo fora dos per\u00edodos tradicionais de alta. \u00c9 uma oportunidade de apresentar a cidade a quem, muitas vezes, n\u00e3o a conhece, e isso pode gerar retorno futuro\u201d, destaca Fabiano Barros.<\/p>\n\n\n\n<p>A tend\u00eancia, segundo o Convention Bureau, \u00e9 que o \u00edndice de ocupa\u00e7\u00e3o continue subindo at\u00e9 o dia da prova, especialmente entre candidatos que costumam decidir hospedagem de \u00faltima hora. A expectativa do setor \u00e9 de que a movimenta\u00e7\u00e3o pontual contribua para melhorar o desempenho do m\u00eas de dezembro, historicamente mais forte para o turismo de lazer, mas ainda em ritmo de transi\u00e7\u00e3o antes das festas de fim de ano.<\/p>\n<\/blockquote>\n<\/blockquote>\n","protected":false},"excerpt":{"rendered":"","protected":false},"author":1,"featured_media":49146,"comment_status":"closed","ping_status":"open","sticky":false,"template":"","format":"standard","meta":{"spay_email":"","footnotes":"","jetpack_publicize_message":""},"categories":[2],"tags":[],"jetpack_featured_media_url":"https:\/\/jornaldeitaipava.com.br\/wp-content\/uploads\/2025\/12\/CNU-Agencia-Brasil-2.webp","jetpack_publicize_connections":[],"jetpack_sharing_enabled":true,"jetpack_likes_enabled":true,"jetpack-related-posts":[],"_links":{"self":[{"href":"https:\/\/jornaldeitaipava.com.br\/index.php\/wp-json\/wp\/v2\/posts\/49145"}],"collection":[{"href":"https:\/\/jornaldeitaipava.com.br\/index.php\/wp-json\/wp\/v2\/posts"}],"about":[{"href":"https:\/\/jornaldeitaipava.com.br\/index.php\/wp-json\/wp\/v2\/types\/post"}],"author":[{"embeddable":true,"href":"https:\/\/jornaldeitaipava.com.br\/index.php\/wp-json\/wp\/v2\/users\/1"}],"replies":[{"embeddable":true,"href":"https:\/\/jornaldeitaipava.com.br\/index.php\/wp-json\/wp\/v2\/comments?post=49145"}],"version-history":[{"count":1,"href":"https:\/\/jornaldeitaipava.com.br\/index.php\/wp-json\/wp\/v2\/posts\/49145\/revisions"}],"predecessor-version":[{"id":49147,"href":"https:\/\/jornaldeitaipava.com.br\/index.php\/wp-json\/wp\/v2\/posts\/49145\/revisions\/49147"}],"wp:featuredmedia":[{"embeddable":true,"href":"https:\/\/jornaldeitaipava.com.br\/index.php\/wp-json\/wp\/v2\/media\/49146"}],"wp:attachment":[{"href":"https:\/\/jornaldeitaipava.com.br\/index.php\/wp-json\/wp\/v2\/media?parent=49145"}],"wp:term":[{"taxonomy":"category","embeddable":true,"href":"https:\/\/jornaldeitaipava.com.br\/index.php\/wp-json\/wp\/v2\/categories?post=49145"},{"taxonomy":"post_tag","embeddable":true,"href":"https:\/\/jornaldeitaipava.com.br\/index.php\/wp-json\/wp\/v2\/tags?post=49145"}],"curies":[{"name":"wp","href":"https:\/\/api.w.org\/{rel}","templated":true}]}}