{"id":49148,"date":"2025-12-04T18:51:44","date_gmt":"2025-12-04T21:51:44","guid":{"rendered":"http:\/\/jornaldeitaipava.com.br\/?p=49148"},"modified":"2025-12-04T18:51:47","modified_gmt":"2025-12-04T21:51:47","slug":"programacao-de-natal-do-hipershopping-com-atracoes-gratuitas","status":"publish","type":"post","link":"https:\/\/jornaldeitaipava.com.br\/index.php\/2025\/12\/04\/programacao-de-natal-do-hipershopping-com-atracoes-gratuitas\/","title":{"rendered":"Programa\u00e7\u00e3o de Natal do HiperShopping com atra\u00e7\u00f5es gratuitas"},"content":{"rendered":"\n<p class=\"has-text-align-left\">O esp\u00edrito natalino tomou conta do HiperShopping desde o dia primeiro de novembro, quando foi inaugurada a decora\u00e7\u00e3o de Natal muito aguardada pela comunidade petropolitana. Neste ano, o tema \u00e9 a F\u00e1brica de Brinquedos do Noel e em dezembro a festa continua com atra\u00e7\u00f5es que prometem encantar crian\u00e7as, jovens e adultos.<\/p>\n\n\n\n<p>At\u00e9 6 de dezembro, a Feira Hipercriativo \u2013 Edi\u00e7\u00e3o de Natal re\u00fane artes\u00e3os e produtores locais com op\u00e7\u00f5es criativas para presentear, sempre das 10h \u00e0s 20h. Al\u00e9m disso, de segunda a s\u00e1bado continua a Feira de Natal da Tem Tudo com uma variedade de produtos para a decora\u00e7\u00e3o natalina.<\/p>\n\n\n\n<p>O bin\u00f4mio m\u00fasica e Natal n\u00e3o pode faltar e o Hiper preparou para o primeiro final de semana de dezembro, dia 06\/12, s\u00e1bado, \u00e0s 13 horas, o Concerto de Natal do Hiper. O Coral de Petr\u00f3polis se apresenta na Pra\u00e7a de Alimenta\u00e7\u00e3o sob reg\u00eancia do Maestro Rodrigo D\u00b4\u00c1villa com can\u00e7\u00f5es tradicionais de Natal e muitas surpresas. J\u00e1 no s\u00e1bado dia 13\/12, a Camerata de Charbel formada por jovens da Comunidade dos Anjos, no Caxambu, se apresenta no Palco Kids com seus violinos, violoncelos, flautas e viol\u00f5es, com a reg\u00eancia do m\u00fasico Marco Aureh.<\/p>\n\n\n\n<p>O Hiper apresenta uma s\u00e9rie de hist\u00f3rias e teatrinhos especiais com o tema natalino para as crian\u00e7as, mas que encantam os adultos tamb\u00e9m. A Tia J\u00e2nice da Pintou Hist\u00f3ria estar\u00e1 no Hiper, como sempre, todos os s\u00e1bados \u00e0s 15h, com uma hist\u00f3ria mais legal que a outra e personagens como o Grinch e at\u00e9 capivaras que sonham em ser renas. A F\u00e1bula Animada vai trazer nas suas pe\u00e7as teatrais a menina do frio para uma aventura de Natal, o Quebra-Nozes e um Natal s\u00f3 de Princesas. No domingo, antes do Natal, teremos programa\u00e7\u00e3o extra com a Satura Companhia de Teatro apresentando o espet\u00e1culo infantil \u201cAs Luzes de Natal\u201d. Todas as atra\u00e7\u00f5es s\u00e3o gratuitas.<\/p>\n\n\n\n<p>Outro destaque \u00e9 a edi\u00e7\u00e3o de Natal do Baile da Gera\u00e7\u00e3o Prateada, revivendo momentos de boa m\u00fasica, dan\u00e7a e descontra\u00e7\u00e3o para o p\u00fablico 60+, com os teclados de Marcio Alves e a produ\u00e7\u00e3o de Silvana Coelho.<\/p>\n\n\n\n<p>O Papai Noel mais carism\u00e1tico da cidade est\u00e1 \u00e0 espera de toda fam\u00edlia para tirar fotos \u00e0s sextas e s\u00e1bados, das 17h \u00e0s 20h, e aos domingos, das 15h \u00e0s 18h. Para aproveitar o in\u00edcio das f\u00e9rias das crian\u00e7as, a divers\u00e3o \u00e9 garantida todos os dias, das 14h \u00e0s 20h, com um trenzinho de verdade e os bal\u00f5es da Capad\u00f3cia, que est\u00e3o \u00e0 disposi\u00e7\u00e3o das crian\u00e7as de gra\u00e7a, com limite de idade e peso.<\/p>\n\n\n\n<p><strong>Segue abaixo a programa\u00e7\u00e3o completa de dezembro:<\/strong><\/p>\n\n\n\n<p>06\/12 (s\u00e1bado)<br>13h: Concerto de Natal com o Coral de Petr\u00f3polis, regido pelo maestro Rodrigo D\u2019\u00c1villa, na Pra\u00e7a de Alimenta\u00e7\u00e3o;<br>15h: Pintou Hist\u00f3ria com \u201cO Pedacinho de Carv\u00e3o\u201d;<br>16h: Teatro \u201cFrozen: Uma Aventura de Natal\u201d;<\/p>\n\n\n\n<p>12\/12 (sexta)<br>19h: Show com o trio Come Together, na Pra\u00e7a de Alimenta\u00e7\u00e3o.<br>13\/12 (s\u00e1bado)<br>15h: Pintou Hist\u00f3ria com \u201cComo o Grinch Roubou o Natal\u201d;<br>15h: Baile da Gera\u00e7\u00e3o Prateada;<br>16h: Teatro \u201cO Quebra-Nozes\u201d;<br>18h: Apresenta\u00e7\u00e3o de Natal com a Camerata de Charbel, regida pelo m\u00fasico Marco Aureh;<br>19h: Show com a banda Concreto Humano.<\/p>\n\n\n\n<p>18\/12 (quinta)<br>19h: Apresenta\u00e7\u00e3o dos alunos de m\u00fasica do Col\u00e9gio Santa Isabel.<br>19\/12 (sexta)<br>19h: Show com a banda pop-rock S ou S.<br>20\/12 (s\u00e1bado)<br>15h: Pintou Hist\u00f3ria com \u201cA Capivara que queria ser Rena\u201d;<br>16h: Teatro \u201cO Natal das Princesas\u201d.<br>21\/12 (domingo)<br>14h: Teatro infantil \u201cAs Luzes de Natal\u201d;<br>19h: Show com a dupla Kadu e Carol.<\/p>\n","protected":false},"excerpt":{"rendered":"<p>O esp\u00edrito natalino tomou conta do HiperShopping desde o dia primeiro de novembro, quando foi<\/p>\n","protected":false},"author":1,"featured_media":49149,"comment_status":"closed","ping_status":"open","sticky":false,"template":"","format":"standard","meta":{"spay_email":"","footnotes":"","jetpack_publicize_message":""},"categories":[42],"tags":[],"jetpack_featured_media_url":"https:\/\/i1.wp.com\/jornaldeitaipava.com.br\/wp-content\/uploads\/2025\/12\/WhatsApp-Image-2025-12-03-at-18.37.40.jpeg?fit=1600%2C1200&ssl=1","jetpack_publicize_connections":[],"jetpack_sharing_enabled":true,"jetpack_likes_enabled":true,"jetpack-related-posts":[],"_links":{"self":[{"href":"https:\/\/jornaldeitaipava.com.br\/index.php\/wp-json\/wp\/v2\/posts\/49148"}],"collection":[{"href":"https:\/\/jornaldeitaipava.com.br\/index.php\/wp-json\/wp\/v2\/posts"}],"about":[{"href":"https:\/\/jornaldeitaipava.com.br\/index.php\/wp-json\/wp\/v2\/types\/post"}],"author":[{"embeddable":true,"href":"https:\/\/jornaldeitaipava.com.br\/index.php\/wp-json\/wp\/v2\/users\/1"}],"replies":[{"embeddable":true,"href":"https:\/\/jornaldeitaipava.com.br\/index.php\/wp-json\/wp\/v2\/comments?post=49148"}],"version-history":[{"count":1,"href":"https:\/\/jornaldeitaipava.com.br\/index.php\/wp-json\/wp\/v2\/posts\/49148\/revisions"}],"predecessor-version":[{"id":49150,"href":"https:\/\/jornaldeitaipava.com.br\/index.php\/wp-json\/wp\/v2\/posts\/49148\/revisions\/49150"}],"wp:featuredmedia":[{"embeddable":true,"href":"https:\/\/jornaldeitaipava.com.br\/index.php\/wp-json\/wp\/v2\/media\/49149"}],"wp:attachment":[{"href":"https:\/\/jornaldeitaipava.com.br\/index.php\/wp-json\/wp\/v2\/media?parent=49148"}],"wp:term":[{"taxonomy":"category","embeddable":true,"href":"https:\/\/jornaldeitaipava.com.br\/index.php\/wp-json\/wp\/v2\/categories?post=49148"},{"taxonomy":"post_tag","embeddable":true,"href":"https:\/\/jornaldeitaipava.com.br\/index.php\/wp-json\/wp\/v2\/tags?post=49148"}],"curies":[{"name":"wp","href":"https:\/\/api.w.org\/{rel}","templated":true}]}}