{"id":49151,"date":"2025-12-04T18:53:35","date_gmt":"2025-12-04T21:53:35","guid":{"rendered":"http:\/\/jornaldeitaipava.com.br\/?p=49151"},"modified":"2025-12-04T18:53:38","modified_gmt":"2025-12-04T21:53:38","slug":"di-paola-criacoes-artisticas-participa-da-exposicao-franciscana-de-presepios-com-obra-sustentavel-inspirada-na-laudato-si","status":"publish","type":"post","link":"https:\/\/jornaldeitaipava.com.br\/index.php\/2025\/12\/04\/di-paola-criacoes-artisticas-participa-da-exposicao-franciscana-de-presepios-com-obra-sustentavel-inspirada-na-laudato-si\/","title":{"rendered":"Di Paola Cria\u00e7\u00f5es Art\u00edsticas participa da Exposi\u00e7\u00e3o Franciscana de Pres\u00e9pios com obra sustent\u00e1vel inspirada na Laudato Si&#8217;"},"content":{"rendered":"\n<p>A Di Paola Cria\u00e7\u00f5es Art\u00edsticas participa da Exposi\u00e7\u00e3o Franciscana de Pres\u00e9pios 2025, em Petr\u00f3polis, com a obra \u201cLouvado Sejas\u201d, um pres\u00e9pio sustent\u00e1vel criado a partir de madeira, sucata e materiais recicl\u00e1veis, como latas de alum\u00ednio, papel\u00e3o e pl\u00e1stico. A mostra, tradicional na cidade, \u00e9 promovida pela Par\u00f3quia do Sagrado Cora\u00e7\u00e3o de Jesus em parceria com a Editora Vozes e acontece de 6 de dezembro a 4 de janeiro, na Capela de Frei Galv\u00e3o, com entrada gratuita.<\/p>\n\n\n\n<p>Assinada pelos artistas Val\u00e9ria, S\u00e9rgio, Henriqueta e Lorena Bortolotti, a obra foi concebida em 2018 pela Di Paola Cria\u00e7\u00f5es Art\u00edsticas \u2014 equipe petropolitana tamb\u00e9m respons\u00e1vel pela exposi\u00e7\u00e3o na Casa da Princesa Isabel, reconhecida por esculturas em papel mach\u00ea que narram a hist\u00f3ria da cidade. Desde ent\u00e3o, o pres\u00e9pio j\u00e1 esteve em institui\u00e7\u00f5es como o SESC Nogueira e a PUC-Rio, al\u00e9m de ter sido convidado a integrar uma exposi\u00e7\u00e3o com a mesma tem\u00e1tica no Museu Arquidiocesano de Arte Sacra do Rio de Janeiro.<\/p>\n\n\n\n<p><strong>Cuidado com a Casa Comum<\/strong><\/p>\n\n\n\n<p>Inspirado na Enc\u00edclica Laudato Si\u2019, do Papa Francisco, que completou dez anos em 2025, o pres\u00e9pio apresenta uma leitura contempor\u00e2nea da Sagrada Fam\u00edlia, aproximando-a da realidade dos catadores de materiais recicl\u00e1veis.<\/p>\n\n\n\n<p>\u201cO di\u00e1logo entre vida comum e simbolismo sagrado refor\u00e7a mensagens de responsabilidade social, cuidado ambiental e fraternidade. Para ampliar essa reflex\u00e3o, a montagem inclui um totem com texto inspirado na Laudato Si\u2019, convidando o p\u00fablico a repensar escolhas di\u00e1rias e sua rela\u00e7\u00e3o com o planeta\u201d, explica Lorena Bortolotti.<\/p>\n\n\n\n<p>A instala\u00e7\u00e3o re\u00fane cinco pe\u00e7as em tamanho natural, com estrutura met\u00e1lica, modelagem em papel e acess\u00f3rios produzidos exclusivamente com materiais reaproveitados.<\/p>\n\n\n\n<p><strong>Texto presente na obra<\/strong><\/p>\n\n\n\n<p>O lamento da Terra clama outros rumos.<br>Cultivar, preservar, reciclar\u2026<br>Ainda h\u00e1 esperan\u00e7a.<br>Criar perspectivas para al\u00e9m do imediato.<br>Abandonar a neglig\u00eancia ego\u00edsta que degrada o ambiente humano e o ambiente natural.<br>Desconstruir a globaliza\u00e7\u00e3o da indiferen\u00e7a.<br>Redescobrir os ritmos da natureza.<br>Avan\u00e7ar no caminho da solu\u00e7\u00e3o.<br>Fazer nascer no homem a consci\u00eancia nova sob a luz da reflex\u00e3o.<br>N\u00c3O SOMOS DEUS!<br>Nenhuma criatura se basta,<br>coexistimos.<br>Estamos todos interligados.<br>Unidos por la\u00e7os invis\u00edveis.<br>Todo envolvimento \u00e9 necess\u00e1rio.<br>Que cada ser humano cumpra sua parte.<br>Ainda h\u00e1 esperan\u00e7a!<br>(Inspirado na Enc\u00edclica Laudato Si\u2019).<\/p>\n\n\n\n<p>Segundo os artistas, participar da exposi\u00e7\u00e3o \u00e9 motivo de honra, especialmente por dividir espa\u00e7o com mais de 30 pres\u00e9pios vindos de diversas regi\u00f5es do Brasil e do mundo. \u201cA obra homenageia as pessoas que trabalham com materiais reciclados e traz uma mensagem profundamente conectada aos debates clim\u00e1ticos de hoje. Para n\u00f3s, \u00e9 emocionante apresent\u00e1-la aos petropolitanos, junto a tantos outros artistas, justamente em um per\u00edodo em que estamos mais sens\u00edveis \u00e0s quest\u00f5es humanas e espirituais que o Natal evoca\u201d, afirma a equipe da Di Paola Cria\u00e7\u00f5es Art\u00edsticas.<\/p>\n\n\n\n<p><strong>Sobre a Exposi\u00e7\u00e3o Franciscana de Pres\u00e9pios<\/strong><\/p>\n\n\n\n<p>Realizada anualmente pela Par\u00f3quia do Sagrado Cora\u00e7\u00e3o de Jesus em parceria com a Editora Vozes, a exposi\u00e7\u00e3o re\u00fane pres\u00e9pios de diferentes tradi\u00e7\u00f5es e origens. Nesta edi\u00e7\u00e3o, s\u00e3o apresentadas mais de 30 obras de v\u00e1rias partes do mundo, oferecendo ao p\u00fablico um panorama da diversidade de interpreta\u00e7\u00f5es da natividade. A curadoria, coordena\u00e7\u00e3o e montagem s\u00e3o assinadas pelo Frei Edrian Josu\u00e9 Pasini.<\/p>\n\n\n\n<p><strong>SERVI\u00c7O &#8211; Exposi\u00e7\u00e3o Franciscana de Pres\u00e9pios 2025<br><\/strong>Per\u00edodo: 06\/12\/2025 a 04\/01\/2026<br>Abertura da exposi\u00e7\u00e3o no dia 06\/12, ap\u00f3s a Cantata de Natal, \u00e0s 18h<br>Local: Igreja do Sagrado Cora\u00e7\u00e3o de Jesus &#8211; Capela de Frei Galv\u00e3o (Rua Montecaseros, 95 \u2013 Centro, Petr\u00f3polis\/RJ)<br>Hor\u00e1rios de visita\u00e7\u00e3o:<br>\u2022 Segunda a sexta-feira: 14h \u00e0s 19h<br>\u2022 S\u00e1bados e domingos: 8h30 \u00e0s 11h30 | 14h \u00e0s 19h<br>\u2022 25\/12: 8h30 \u00e0s 11h30 | 14h \u00e0s 19h<br>\u2022 31\/12\/2025 e 01\/01\/2026: Fechado<br>Entrada gratuita<\/p>\n","protected":false},"excerpt":{"rendered":"<p>A Di Paola Cria\u00e7\u00f5es Art\u00edsticas participa da Exposi\u00e7\u00e3o Franciscana de Pres\u00e9pios 2025, em Petr\u00f3polis, com<\/p>\n","protected":false},"author":1,"featured_media":49152,"comment_status":"closed","ping_status":"open","sticky":false,"template":"","format":"standard","meta":{"spay_email":"","footnotes":"","jetpack_publicize_message":""},"categories":[42],"tags":[],"jetpack_featured_media_url":"https:\/\/i2.wp.com\/jornaldeitaipava.com.br\/wp-content\/uploads\/2025\/12\/WhatsApp-Image-2025-12-03-at-16.32.33.jpeg?fit=1600%2C1200&ssl=1","jetpack_publicize_connections":[],"jetpack_sharing_enabled":true,"jetpack_likes_enabled":true,"jetpack-related-posts":[],"_links":{"self":[{"href":"https:\/\/jornaldeitaipava.com.br\/index.php\/wp-json\/wp\/v2\/posts\/49151"}],"collection":[{"href":"https:\/\/jornaldeitaipava.com.br\/index.php\/wp-json\/wp\/v2\/posts"}],"about":[{"href":"https:\/\/jornaldeitaipava.com.br\/index.php\/wp-json\/wp\/v2\/types\/post"}],"author":[{"embeddable":true,"href":"https:\/\/jornaldeitaipava.com.br\/index.php\/wp-json\/wp\/v2\/users\/1"}],"replies":[{"embeddable":true,"href":"https:\/\/jornaldeitaipava.com.br\/index.php\/wp-json\/wp\/v2\/comments?post=49151"}],"version-history":[{"count":1,"href":"https:\/\/jornaldeitaipava.com.br\/index.php\/wp-json\/wp\/v2\/posts\/49151\/revisions"}],"predecessor-version":[{"id":49153,"href":"https:\/\/jornaldeitaipava.com.br\/index.php\/wp-json\/wp\/v2\/posts\/49151\/revisions\/49153"}],"wp:featuredmedia":[{"embeddable":true,"href":"https:\/\/jornaldeitaipava.com.br\/index.php\/wp-json\/wp\/v2\/media\/49152"}],"wp:attachment":[{"href":"https:\/\/jornaldeitaipava.com.br\/index.php\/wp-json\/wp\/v2\/media?parent=49151"}],"wp:term":[{"taxonomy":"category","embeddable":true,"href":"https:\/\/jornaldeitaipava.com.br\/index.php\/wp-json\/wp\/v2\/categories?post=49151"},{"taxonomy":"post_tag","embeddable":true,"href":"https:\/\/jornaldeitaipava.com.br\/index.php\/wp-json\/wp\/v2\/tags?post=49151"}],"curies":[{"name":"wp","href":"https:\/\/api.w.org\/{rel}","templated":true}]}}