{"id":49154,"date":"2025-12-04T18:56:49","date_gmt":"2025-12-04T21:56:49","guid":{"rendered":"http:\/\/jornaldeitaipava.com.br\/?p=49154"},"modified":"2025-12-04T18:56:51","modified_gmt":"2025-12-04T21:56:51","slug":"fibromialgia-e-reconhecida-como-deficiencia-entenda-o-que-e-a-condicao-e-o-que-muda-na-vida-dos-pacientes","status":"publish","type":"post","link":"https:\/\/jornaldeitaipava.com.br\/index.php\/2025\/12\/04\/fibromialgia-e-reconhecida-como-deficiencia-entenda-o-que-e-a-condicao-e-o-que-muda-na-vida-dos-pacientes\/","title":{"rendered":"Fibromialgia \u00e9 reconhecida como defici\u00eancia: entenda o que \u00e9 a condi\u00e7\u00e3o e o que muda na vida dos pacientes"},"content":{"rendered":"\n<p>No dia 24 de julho de 2025, foi sancionada pelo Governo Federal a Lei 15.176\/2025, que reconhece oficialmente a fibromialgia, assim como a s\u00edndrome da fadiga cr\u00f4nica e a s\u00edndrome complexa de dor regional, como defici\u00eancia. A norma foi publicada no Di\u00e1rio Oficial da Uni\u00e3o e entrar\u00e1 em vigor em janeiro de 2026, 180 dias ap\u00f3s a san\u00e7\u00e3o. A determina\u00e7\u00e3o levou em considera\u00e7\u00e3o a inexist\u00eancia de cura para a fibromialgia, sendo o tratamento parte fundamental para que n\u00e3o se d\u00ea a progress\u00e3o da doen\u00e7a que, embora n\u00e3o seja fatal, implica severas restri\u00e7\u00f5es aos pacientes.<br>Na pr\u00e1tica, a nova lei permitir\u00e1 que pacientes com fibromialgia tenham acesso a: cotas em concursos p\u00fablicos e sele\u00e7\u00f5es de emprego; isen\u00e7\u00e3o de IPI, ICMS e IOF na compra de ve\u00edculos adaptados; aposentadoria por invalidez e aux\u00edlio-doen\u00e7a, mediante avalia\u00e7\u00e3o pericial; benef\u00edcio de Presta\u00e7\u00e3o Continuada (BPC), no caso de baixa renda; pens\u00e3o por morte, em situa\u00e7\u00f5es em que a incapacidade para o trabalho for comprovada.<br>A fibromialgia \u00e9 uma condi\u00e7\u00e3o cr\u00f4nica caracterizada por dor musculoesquel\u00e9tica generalizada, acompanhada por fadiga, problemas de sono, mem\u00f3ria e humor. Essa s\u00edndrome afeta milh\u00f5es de pessoas em todo o mundo, sendo mais comum entre mulheres. \u201cA dor cr\u00f4nica e os sintomas associados est\u00e3o tendo um impacto significativo na qualidade de vida dos pacientes, tornando essencial a busca por tratamentos eficazes\u201d, explica a fisioterapeuta e professora do curso de Fisioterapia da Est\u00e1cio, Ros\u00e2ngela Guimar\u00e3es.<br>Segundo a especialista, a fibromialgia se manifesta principalmente por dores difusas no corpo, acompanhadas de uma s\u00e9rie de outros sintomas. \u201cA dor associada \u00e0 fibromialgia \u00e9 descrita como uma dor constante que dura pelo menos tr\u00eas meses. Para ser considerada generalizada, a dor deve ocorrer em ambos os lados do corpo, como tamb\u00e9m acima e abaixo da cintura, em membros superiores e inferiores\u201d, aponta.<br>A causa exata da fibromialgia ainda \u00e9 desconhecida, mas acredita-se que envolva uma combina\u00e7\u00e3o de fatores gen\u00e9ticos, infecciosos e f\u00edsicos ou emocionais, sendo multifatorial. O diagn\u00f3stico \u00e9 desafiador, j\u00e1 que a condi\u00e7\u00e3o s\u00f3 pode ser diagnosticada com base no hist\u00f3rico m\u00e9dico, na presen\u00e7a de dor generalizada por mais de tr\u00eas meses e na exclus\u00e3o de outras doen\u00e7as.<br>\u201cEmbora n\u00e3o haja cura para a fibromialgia, v\u00e1rios tratamentos podem ajudar a controlar seus sintomas. A fisioterapia \u00e9 uma das abordagens mais eficazes e recomendadas. Recursos espec\u00edficos podem ajudar a reduzir a dor associada \u00e0 fibromialgia, incluindo variadas t\u00e9cnicas da terapia manual (osteopatia, quiropraxia), exerc\u00edcios de alongamento e fortalecimento muscular, e modalidades de tratamento como a eletroterapia, termoterapia com o uso do calor, crioterapia com o uso do frio, outro recurso muito importante que os pacientes se d\u00e3o muito bem que \u00e9 a fisioterapia aqu\u00e1tica\u201d, e as pr\u00e1ticas integrativas que v\u00eam fazendo um diferencial na vida desses pacientes, aponta a professora da Est\u00e1cio.<br>Exerc\u00edcios de alongamento e mobiliza\u00e7\u00e3o articular podem aumentar a flexibilidade e a amplitude de movimento, ajudando os pacientes a se moverem mais facilmente e com menos dor. Segundo Ros\u00e2ngela, um programa de exerc\u00edcios graduais e supervisionados, seja em solo, ou na \u00e1gua, pode ajudar a aumentar a for\u00e7a muscular, reduzindo a carga sobre as articula\u00e7\u00f5es e aliviando os sintomas. O pilates \u00e9 outro recurso de extrema import\u00e2ncia.<br>\u201cO fisioterapeuta participa efetivamente do tratamento e reeduca\u00e7\u00e3o biopsicossocial dos pacientes com fibromialgia, sob a condi\u00e7\u00e3o de orientar quanto \u00e0s t\u00e9cnicas de gest\u00e3o da dor. Atividades aer\u00f3bicas leves e alongamentos regulares podem ajudar a melhorar a qualidade do sono, um problema comum em pacientes com fibromialgia. Abordagens comuns incluem ainda caminhada, ciclismo, nata\u00e7\u00e3o e hidrogin\u00e1stica, que s\u00e3o recomendados para aumentar a resist\u00eancia e reduzir a fadiga. A fibromialgia pode ser uma condi\u00e7\u00e3o debilitante, mas com o tratamento adequado, muitos pacientes conseguem melhorar significativamente sua qualidade de vida\u201d, finaliza.<\/p>\n","protected":false},"excerpt":{"rendered":"<p>No dia 24 de julho de 2025, foi sancionada pelo Governo Federal a Lei 15.176\/2025,<\/p>\n","protected":false},"author":1,"featured_media":49155,"comment_status":"closed","ping_status":"open","sticky":false,"template":"","format":"standard","meta":{"spay_email":"","footnotes":"","jetpack_publicize_message":""},"categories":[2],"tags":[],"jetpack_featured_media_url":"https:\/\/i1.wp.com\/jornaldeitaipava.com.br\/wp-content\/uploads\/2025\/12\/WhatsApp-Image-2025-12-03-at-10.14.06.jpeg?fit=1600%2C1066&ssl=1","jetpack_publicize_connections":[],"jetpack_sharing_enabled":true,"jetpack_likes_enabled":true,"jetpack-related-posts":[],"_links":{"self":[{"href":"https:\/\/jornaldeitaipava.com.br\/index.php\/wp-json\/wp\/v2\/posts\/49154"}],"collection":[{"href":"https:\/\/jornaldeitaipava.com.br\/index.php\/wp-json\/wp\/v2\/posts"}],"about":[{"href":"https:\/\/jornaldeitaipava.com.br\/index.php\/wp-json\/wp\/v2\/types\/post"}],"author":[{"embeddable":true,"href":"https:\/\/jornaldeitaipava.com.br\/index.php\/wp-json\/wp\/v2\/users\/1"}],"replies":[{"embeddable":true,"href":"https:\/\/jornaldeitaipava.com.br\/index.php\/wp-json\/wp\/v2\/comments?post=49154"}],"version-history":[{"count":1,"href":"https:\/\/jornaldeitaipava.com.br\/index.php\/wp-json\/wp\/v2\/posts\/49154\/revisions"}],"predecessor-version":[{"id":49156,"href":"https:\/\/jornaldeitaipava.com.br\/index.php\/wp-json\/wp\/v2\/posts\/49154\/revisions\/49156"}],"wp:featuredmedia":[{"embeddable":true,"href":"https:\/\/jornaldeitaipava.com.br\/index.php\/wp-json\/wp\/v2\/media\/49155"}],"wp:attachment":[{"href":"https:\/\/jornaldeitaipava.com.br\/index.php\/wp-json\/wp\/v2\/media?parent=49154"}],"wp:term":[{"taxonomy":"category","embeddable":true,"href":"https:\/\/jornaldeitaipava.com.br\/index.php\/wp-json\/wp\/v2\/categories?post=49154"},{"taxonomy":"post_tag","embeddable":true,"href":"https:\/\/jornaldeitaipava.com.br\/index.php\/wp-json\/wp\/v2\/tags?post=49154"}],"curies":[{"name":"wp","href":"https:\/\/api.w.org\/{rel}","templated":true}]}}