{"id":49157,"date":"2025-12-04T18:59:27","date_gmt":"2025-12-04T21:59:27","guid":{"rendered":"http:\/\/jornaldeitaipava.com.br\/?p=49157"},"modified":"2025-12-04T18:59:29","modified_gmt":"2025-12-04T21:59:29","slug":"som-e-luz-esta-de-volta-ao-museu-imperial-no-bicentenario-de-dom-pedro-ii-e-celebra-nova-fase-de-modernizacao","status":"publish","type":"post","link":"https:\/\/jornaldeitaipava.com.br\/index.php\/2025\/12\/04\/som-e-luz-esta-de-volta-ao-museu-imperial-no-bicentenario-de-dom-pedro-ii-e-celebra-nova-fase-de-modernizacao\/","title":{"rendered":"Som e Luz est\u00e1 de volta ao Museu Imperial no bicenten\u00e1rio de Dom Pedro II e celebra nova fase de moderniza\u00e7\u00e3o"},"content":{"rendered":"\n<p class=\"has-text-align-center\"><strong>Espet\u00e1culo reabre ap\u00f3s mais de cinco anos e marca a retomada da principal atra\u00e7\u00e3o noturna do museu.<\/strong><\/p>\n\n\n\n<p>O espet\u00e1culo Som e Luz voltou a iluminar os jardins do Museu Imperial na noite desta ter\u00e7a-feira (2), em uma apresenta\u00e7\u00e3o especial que marcou a reabertura oficial da atra\u00e7\u00e3o ap\u00f3s mais de cinco anos de interrup\u00e7\u00e3o. A estreia, aguardada por moradores e visitantes, celebrou o avan\u00e7o do processo de moderniza\u00e7\u00e3o do projeto, que incorpora novos sistemas de som, ilumina\u00e7\u00e3o, proje\u00e7\u00e3o e automa\u00e7\u00e3o.<\/p>\n\n\n\n<p>O prefeito Hingo Hammes destacou a import\u00e2ncia do retorno do espet\u00e1culo. \u201cA reestreia do Som e Luz simboliza mais do que a recupera\u00e7\u00e3o de uma atra\u00e7\u00e3o hist\u00f3rica, \u00e9 o fortalecimento da identidade cultural da cidade e a recria\u00e7\u00e3o de um atrativo tur\u00edstico de grande sucesso no passado. Ver o p\u00fablico novamente emocionado nos jardins do museu refor\u00e7a o quanto essa experi\u00eancia contribui para aproximar as pessoas da nossa hist\u00f3ria, al\u00e9m de fortalecer o turismo\u201d, afirmou.<\/p>\n\n\n\n<p>A apresenta\u00e7\u00e3o foi considerada um sucesso pelo p\u00fablico e pelas institui\u00e7\u00f5es envolvidas na atualiza\u00e7\u00e3o do espet\u00e1culo, que conta com apoio do Governo do Estado do Rio de Janeiro, por meio da Secretaria de Cultura e Economia Criativa, da Prefeitura de Petr\u00f3polis e da Enel Brasil, respons\u00e1vel pelo investimento de R$ 1,7 milh\u00e3o na iniciativa. Tamb\u00e9m participam do projeto as empresas apoiadoras Unipar, Ambev, GE Celma e Carl Zeiss. Criado em 2002, o Som e Luz j\u00e1 recebeu mais de 415 mil espectadores e \u00e9 reconhecido como uma das experi\u00eancias culturais mais emblem\u00e1ticas da cidade.<\/p>\n\n\n\n<p>O presidente do Instituto Municipal de Cultura (IMC), Adenilson Honorato, ressaltou o avan\u00e7o da moderniza\u00e7\u00e3o. \u201cO resultado desta apresenta\u00e7\u00e3o mostra que estamos no caminho certo. A tecnologia aplicada nesta nova fase amplia a qualidade do espet\u00e1culo e abre espa\u00e7o para aprimoramentos que v\u00e3o elevar ainda mais a experi\u00eancia do visitante\u201d, disse.<\/p>\n\n\n\n<p>Para o secret\u00e1rio de Turismo, Pablo Kling, o retorno do Som e Luz movimenta o setor e amplia o leque de atra\u00e7\u00f5es da cidade. \u201cA reabertura fortalece nossa estrat\u00e9gia tur\u00edstica, especialmente no per\u00edodo de maior procura. A atra\u00e7\u00e3o cria novas possibilidades de perman\u00eancia no Centro Hist\u00f3rico e contribui para dinamizar a economia local\u201d, destacou.<\/p>\n\n\n\n<p>O diretor-geral do Museu Imperial, Maur\u00edcio Vicente, acompanhou a reestreia e comemorou o resultado. \u201cO p\u00fablico voltou a ocupar os jardins com entusiasmo, e isso nos mostra a import\u00e2ncia do espet\u00e1culo para a mem\u00f3ria afetiva da cidade. A moderniza\u00e7\u00e3o respeita o patrim\u00f4nio e, ao mesmo tempo, atualiza a linguagem para o p\u00fablico de hoje\u201d, afirmou.<\/p>\n\n\n\n<p>\u201cNosso objetivo \u00e9 estar presente em todos os 66 munic\u00edpios que a Enel onde n\u00f3s atuamos. Ent\u00e3o quando secret\u00e1rio Adenilson nos convidou para articular desse projeto a gente viu a oportunidade de participar desse trabalho de redemocratiza\u00e7\u00e3o do acesso \u00e0 cultura em Petr\u00f3polis e no estado do Rio. A Enel hoje \u00e9 a empresa que mais aporta nos projetos incentivados\u201d, disse a representante do Enel, durante o evento, Andrea Andrade.<\/p>\n\n\n\n<p>Com novas proje\u00e7\u00f5es, efeitos de luz redesenhados e maior precis\u00e3o na sonoriza\u00e7\u00e3o, o espet\u00e1culo segue preservando sua ess\u00eancia: apresentar epis\u00f3dios marcantes do Segundo Reinado, como o Baile das Princesas e acontecimentos que moldaram o Brasil imperial. Ap\u00f3s a exibi\u00e7\u00e3o de reinaugura\u00e7\u00e3o, o Som e Luz passa a ser reintegrado \u00e0 programa\u00e7\u00e3o regular do Museu Imperial, consolidando sua volta como uma das principais atra\u00e7\u00f5es culturais de Petr\u00f3polis.<\/p>\n","protected":false},"excerpt":{"rendered":"<p>Espet\u00e1culo reabre ap\u00f3s mais de cinco anos e marca a retomada da principal atra\u00e7\u00e3o noturna<\/p>\n","protected":false},"author":1,"featured_media":49158,"comment_status":"closed","ping_status":"open","sticky":false,"template":"","format":"standard","meta":{"spay_email":"","footnotes":"","jetpack_publicize_message":""},"categories":[42],"tags":[],"jetpack_featured_media_url":"https:\/\/i0.wp.com\/jornaldeitaipava.com.br\/wp-content\/uploads\/2025\/12\/WhatsApp-Image-2025-12-03-at-09.50.42.jpeg?fit=1280%2C720&ssl=1","jetpack_publicize_connections":[],"jetpack_sharing_enabled":true,"jetpack_likes_enabled":true,"jetpack-related-posts":[],"_links":{"self":[{"href":"https:\/\/jornaldeitaipava.com.br\/index.php\/wp-json\/wp\/v2\/posts\/49157"}],"collection":[{"href":"https:\/\/jornaldeitaipava.com.br\/index.php\/wp-json\/wp\/v2\/posts"}],"about":[{"href":"https:\/\/jornaldeitaipava.com.br\/index.php\/wp-json\/wp\/v2\/types\/post"}],"author":[{"embeddable":true,"href":"https:\/\/jornaldeitaipava.com.br\/index.php\/wp-json\/wp\/v2\/users\/1"}],"replies":[{"embeddable":true,"href":"https:\/\/jornaldeitaipava.com.br\/index.php\/wp-json\/wp\/v2\/comments?post=49157"}],"version-history":[{"count":1,"href":"https:\/\/jornaldeitaipava.com.br\/index.php\/wp-json\/wp\/v2\/posts\/49157\/revisions"}],"predecessor-version":[{"id":49159,"href":"https:\/\/jornaldeitaipava.com.br\/index.php\/wp-json\/wp\/v2\/posts\/49157\/revisions\/49159"}],"wp:featuredmedia":[{"embeddable":true,"href":"https:\/\/jornaldeitaipava.com.br\/index.php\/wp-json\/wp\/v2\/media\/49158"}],"wp:attachment":[{"href":"https:\/\/jornaldeitaipava.com.br\/index.php\/wp-json\/wp\/v2\/media?parent=49157"}],"wp:term":[{"taxonomy":"category","embeddable":true,"href":"https:\/\/jornaldeitaipava.com.br\/index.php\/wp-json\/wp\/v2\/categories?post=49157"},{"taxonomy":"post_tag","embeddable":true,"href":"https:\/\/jornaldeitaipava.com.br\/index.php\/wp-json\/wp\/v2\/tags?post=49157"}],"curies":[{"name":"wp","href":"https:\/\/api.w.org\/{rel}","templated":true}]}}