{"id":49161,"date":"2025-12-08T19:52:34","date_gmt":"2025-12-08T22:52:34","guid":{"rendered":"http:\/\/jornaldeitaipava.com.br\/?p=49161"},"modified":"2025-12-08T19:52:37","modified_gmt":"2025-12-08T22:52:37","slug":"orquestra-de-camara-da-fiocruz-se-apresenta-no-palacio-de-cristal-durante-o-natal-imperial","status":"publish","type":"post","link":"https:\/\/jornaldeitaipava.com.br\/index.php\/2025\/12\/08\/orquestra-de-camara-da-fiocruz-se-apresenta-no-palacio-de-cristal-durante-o-natal-imperial\/","title":{"rendered":"Orquestra de C\u00e2mara da Fiocruz se apresenta no Pal\u00e1cio de Cristal durante o Natal Imperial\u00a0"},"content":{"rendered":"\n<p class=\"has-text-align-center\"><strong><em>Concerto\u00a0gratuito\u00a0ser\u00e1\u00a0no dia 14 de dezembro, \u00e0s 16h30, no Pal\u00e1cio de Cristal<\/em>\u00a0<\/strong><\/p>\n\n\n\n<p>A Orquestra de C\u00e2mara da Fiocruz&nbsp;(Orquestra de C\u00e2mara do Pal\u00e1cio Itabora\u00ed)&nbsp;far\u00e1 uma apresenta\u00e7\u00e3o especial neste m\u00eas de dezembro, integrando&nbsp;a programa\u00e7\u00e3o do&nbsp;Natal Imperial&nbsp;em Petr\u00f3polis.&nbsp;O concerto, aberto&nbsp;ao p\u00fablico, ser\u00e1 no domingo,&nbsp;14, \u00e0s 16h30, no Pal\u00e1cio de Cristal. &nbsp;<\/p>\n\n\n\n<p>A apresenta\u00e7\u00e3o destaca o trabalho&nbsp;desenvolvido&nbsp;ao longo do ano pelo projeto, que oferece forma\u00e7\u00e3o musical gratuita a jovens da rede p\u00fablica.&nbsp;Durante o concerto, o p\u00fablico vai conferir um repert\u00f3rio que re\u00fane cl\u00e1ssicos natalinos, obras do repert\u00f3rio erudito e pe\u00e7as de compositores brasileiros.&nbsp;<\/p>\n\n\n\n<p>Na programa\u00e7\u00e3o,&nbsp;est\u00e3o can\u00e7\u00f5es&nbsp;de&nbsp;Johann A. Bach, Giovanni&nbsp;Battista&nbsp;Pergolesi,&nbsp; F.&nbsp;Mendelssohn, al\u00e9m de compositores brasileiros como Sandra&nbsp;Mohr.&nbsp;<\/p>\n\n\n\n<p>A coordenadora executiva da Orquestra de C\u00e2mara da Fiocruz, Nina Mayer, destaca que este ser\u00e1 um momento especial de celebra\u00e7\u00e3o,&nbsp;mostrando todo o talento, dedica\u00e7\u00e3o e crescimento desses jovens m\u00fasicos.&nbsp;\u201cA entrada \u00e9 totalmente gratuita, permitindo que toda a comunidade participe, apoie e se emocione com essa apresenta\u00e7\u00e3o que valoriza a arte, a juventude e a import\u00e2ncia da m\u00fasica como instrumento de transforma\u00e7\u00e3o social\u201d,&nbsp;afirma.&nbsp;<\/p>\n\n\n\n<p>A Orquestra de C\u00e2mara da Fiocruz oferece forma\u00e7\u00e3o art\u00edstica de excel\u00eancia e democratiza o acesso \u00e0 m\u00fasica de concerto para jovens de Petr\u00f3polis. Com educa\u00e7\u00e3o musical continuada e apresenta\u00e7\u00f5es abertas ao p\u00fablico, o projeto impulsiona talentos, fortalece trajet\u00f3rias e aproxima a Fiocruz das comunidades por meio da arte.&nbsp;<\/p>\n\n\n\n<p>A programa\u00e7\u00e3o completa do Natal Imperial pode ser acessada&nbsp;<a href=\"https:\/\/web2.petropolis.rj.gov.br\/natal-imperial\/\" target=\"_blank\" rel=\"noreferrer noopener\">neste link<\/a>. &nbsp;<\/p>\n\n\n\n<p><strong>Servi\u00e7o&nbsp;<\/strong>&nbsp;<\/p>\n\n\n\n<p>Concerto da Orquestra de C\u00e2mara da Fiocruz&nbsp;<br>Dia e hor\u00e1rio: 14 de dezembro, \u00e0s 16h30&nbsp;<br>Local: Pal\u00e1cio de Cristal- Centro &#8211; Petr\u00f3polis-RJ&nbsp;<br>Entrada gratuita&nbsp;<\/p>\n","protected":false},"excerpt":{"rendered":"<p>Concerto\u00a0gratuito\u00a0ser\u00e1\u00a0no dia 14 de dezembro, \u00e0s 16h30, no Pal\u00e1cio de Cristal\u00a0 A Orquestra de C\u00e2mara<\/p>\n","protected":false},"author":1,"featured_media":49162,"comment_status":"closed","ping_status":"open","sticky":false,"template":"","format":"standard","meta":{"spay_email":"","footnotes":"","jetpack_publicize_message":""},"categories":[1],"tags":[],"jetpack_featured_media_url":"https:\/\/i0.wp.com\/jornaldeitaipava.com.br\/wp-content\/uploads\/2025\/12\/Orquestra-de-Camara-da-Fiocruz.jpeg?fit=1280%2C960&ssl=1","jetpack_publicize_connections":[],"jetpack_sharing_enabled":true,"jetpack_likes_enabled":true,"jetpack-related-posts":[],"_links":{"self":[{"href":"https:\/\/jornaldeitaipava.com.br\/index.php\/wp-json\/wp\/v2\/posts\/49161"}],"collection":[{"href":"https:\/\/jornaldeitaipava.com.br\/index.php\/wp-json\/wp\/v2\/posts"}],"about":[{"href":"https:\/\/jornaldeitaipava.com.br\/index.php\/wp-json\/wp\/v2\/types\/post"}],"author":[{"embeddable":true,"href":"https:\/\/jornaldeitaipava.com.br\/index.php\/wp-json\/wp\/v2\/users\/1"}],"replies":[{"embeddable":true,"href":"https:\/\/jornaldeitaipava.com.br\/index.php\/wp-json\/wp\/v2\/comments?post=49161"}],"version-history":[{"count":1,"href":"https:\/\/jornaldeitaipava.com.br\/index.php\/wp-json\/wp\/v2\/posts\/49161\/revisions"}],"predecessor-version":[{"id":49163,"href":"https:\/\/jornaldeitaipava.com.br\/index.php\/wp-json\/wp\/v2\/posts\/49161\/revisions\/49163"}],"wp:featuredmedia":[{"embeddable":true,"href":"https:\/\/jornaldeitaipava.com.br\/index.php\/wp-json\/wp\/v2\/media\/49162"}],"wp:attachment":[{"href":"https:\/\/jornaldeitaipava.com.br\/index.php\/wp-json\/wp\/v2\/media?parent=49161"}],"wp:term":[{"taxonomy":"category","embeddable":true,"href":"https:\/\/jornaldeitaipava.com.br\/index.php\/wp-json\/wp\/v2\/categories?post=49161"},{"taxonomy":"post_tag","embeddable":true,"href":"https:\/\/jornaldeitaipava.com.br\/index.php\/wp-json\/wp\/v2\/tags?post=49161"}],"curies":[{"name":"wp","href":"https:\/\/api.w.org\/{rel}","templated":true}]}}