{"id":49166,"date":"2025-12-08T19:56:17","date_gmt":"2025-12-08T22:56:17","guid":{"rendered":"http:\/\/jornaldeitaipava.com.br\/?p=49166"},"modified":"2025-12-08T19:56:20","modified_gmt":"2025-12-08T22:56:20","slug":"alunos-do-colegio-de-aplicacao-da-ucp-sao-unicos-de-petropolis-selecionados-em-projeto-internacional-de-experimentos-da-nasa","status":"publish","type":"post","link":"https:\/\/jornaldeitaipava.com.br\/index.php\/2025\/12\/08\/alunos-do-colegio-de-aplicacao-da-ucp-sao-unicos-de-petropolis-selecionados-em-projeto-internacional-de-experimentos-da-nasa\/","title":{"rendered":"Alunos do Col\u00e9gio de Aplica\u00e7\u00e3o da UCP s\u00e3o \u00fanicos de Petr\u00f3polis selecionados em projeto internacional de experimentos da NASA"},"content":{"rendered":"\n<p class=\"has-text-align-center\"><strong>Iniciativa envolve estudantes do mundo todo no desenvolvimento de experimentos reais em microgravidade<\/strong><\/p>\n\n\n\n<p>J\u00e1 pensou desenvolver um experimento real que pode ser lan\u00e7ado ao espa\u00e7o e isso ainda no Ensino Fundamental? Sete estudantes do Col\u00e9gio de Aplica\u00e7\u00e3o da Universidade Cat\u00f3lica de Petr\u00f3polis (CAUCP) foram selecionados para o Programa Internacional de Experimentos Espaciais, uma parceria do programa bil\u00edngue&nbsp;<em>International School (IS)<\/em>, adotado pelo CAUCP, com o&nbsp;<em>Kennedy Space Center<\/em>, um dos centros de campo da NASA, no Cabo Canaveral, na Fl\u00f3rida, nos Estados Unidos. O col\u00e9gio \u00e9 o \u00fanico de Petr\u00f3polis e est\u00e1 entre os 33 selecionados no Brasil pioneiros nessa iniciativa para inspirar a pr\u00f3xima gera\u00e7\u00e3o de cientistas.<\/p>\n\n\n\n<p>\u201cPara n\u00f3s, do CAUCP, mais que orgulho dessa conquista, \u00e9 confirmar que estamos no caminho certo ao implantar o programa bil\u00edngue do&nbsp;<em>International School<\/em>&nbsp;e ampli\u00e1-lo aos nossos estudantes. N\u00e3o apenas o desempenho acad\u00eamico dos nossos educandos, de forma geral, influenciou nesse resultado. Mas essa parceria que proporcionou uma oportunidade incr\u00edvel, uma vez que eles participam, em todos os processos, usando apenas a l\u00edngua inglesa para se comunicarem. E isso comprova o que buscamos: transformar nossos estudantes em pessoas seguras e confiantes para explorarem novos horizontes\u201d, comenta o gestor do CAUCP, Pe. Mois\u00e9s Fragoso.<\/p>\n\n\n\n<p>O projeto&nbsp;<em>ISS Journey<\/em>&nbsp;j\u00e1 \u00e9 realizado no mundo todo e chega pela primeira vez ao Brasil por interm\u00e9dio do&nbsp;<em>International School<\/em>, que inscreveu mais de 150 escolas atendidas pelo programa bil\u00edngue &#8211; implantado no CAUCP em 2025 com o 6\u00ba e 7\u00ba Ano e agora expandido a todo o Ensino Fundamental. O objeto \u00e9 envolver os estudantes no desenvolvimento de experimentos reais em microgravidade (em \u00f3rbita) e o comparar a um controle id\u00eantico na Terra. Por meio da pesquisa, eles adquirem conhecimentos valiosos sobre o mundo da explora\u00e7\u00e3o espacial e contribuem, tamb\u00e9m, para avan\u00e7os cient\u00edficos significativos.<\/p>\n\n\n\n<p>As 33 equipes aprovadas v\u00e3o avan\u00e7ando as etapas at\u00e9 a sele\u00e7\u00e3o final, que acontece em maio de 2026, no&nbsp;<em>Science Days Brazil.&nbsp;<\/em>Realizada em S\u00e3o Paulo, em colabora\u00e7\u00e3o de&nbsp;<em>experts<\/em>&nbsp;de ag\u00eancias espaciais e organiza\u00e7\u00f5es de diversas partes do mundo, trata-se da maior feira de ci\u00eancia e da \u00e1rea espacial voltada a&nbsp;jovens e educadores do pa\u00eds. L\u00e1, ser\u00e1 escolhida a equipe vencedora que levar\u00e1 o projeto para a Esta\u00e7\u00e3o Espacial no Cabo Canaveral. Os estudantes v\u00e3o visitar o centro de pesquisa da NASA, conhecer astronautas e mais! Caso a janela de lan\u00e7amento de foguetes permita, poder\u00e3o ver seu experimento ser lan\u00e7ado ao espa\u00e7o.<\/p>\n\n\n\n<p>\u201cEsse resultado reflete o sucesso do programa bil\u00edngue em parceria com&nbsp;<em>a International School<\/em>&nbsp;e todo o crescimento que os alunos demonstraram ao longo de 2025. O desenvolvimento acad\u00eamico e a autonomia que constru\u00edram foram fundamentais para que cheg\u00e1ssemos at\u00e9 aqui e para que a equipe fosse aprovada para a pr\u00f3xima etapa do projeto. Mais do que um reconhecimento, essa conquista abre novos horizontes e mostra aos nossos jovens que eles podem chegar ainda mais longe: at\u00e9 o espa\u00e7o, se assim desejarem\u201d, destaca o coordenador do programa no CAUCP, Cicinato Carmo.<\/p>\n","protected":false},"excerpt":{"rendered":"<p>Iniciativa envolve estudantes do mundo todo no desenvolvimento de experimentos reais em microgravidade J\u00e1 pensou<\/p>\n","protected":false},"author":1,"featured_media":49167,"comment_status":"closed","ping_status":"open","sticky":false,"template":"","format":"standard","meta":{"spay_email":"","footnotes":"","jetpack_publicize_message":""},"categories":[9],"tags":[],"jetpack_featured_media_url":"https:\/\/i2.wp.com\/jornaldeitaipava.com.br\/wp-content\/uploads\/2025\/12\/DSC_0052-scaled.jpg?fit=2560%2C1707&ssl=1","jetpack_publicize_connections":[],"jetpack_sharing_enabled":true,"jetpack_likes_enabled":true,"jetpack-related-posts":[],"_links":{"self":[{"href":"https:\/\/jornaldeitaipava.com.br\/index.php\/wp-json\/wp\/v2\/posts\/49166"}],"collection":[{"href":"https:\/\/jornaldeitaipava.com.br\/index.php\/wp-json\/wp\/v2\/posts"}],"about":[{"href":"https:\/\/jornaldeitaipava.com.br\/index.php\/wp-json\/wp\/v2\/types\/post"}],"author":[{"embeddable":true,"href":"https:\/\/jornaldeitaipava.com.br\/index.php\/wp-json\/wp\/v2\/users\/1"}],"replies":[{"embeddable":true,"href":"https:\/\/jornaldeitaipava.com.br\/index.php\/wp-json\/wp\/v2\/comments?post=49166"}],"version-history":[{"count":1,"href":"https:\/\/jornaldeitaipava.com.br\/index.php\/wp-json\/wp\/v2\/posts\/49166\/revisions"}],"predecessor-version":[{"id":49168,"href":"https:\/\/jornaldeitaipava.com.br\/index.php\/wp-json\/wp\/v2\/posts\/49166\/revisions\/49168"}],"wp:featuredmedia":[{"embeddable":true,"href":"https:\/\/jornaldeitaipava.com.br\/index.php\/wp-json\/wp\/v2\/media\/49167"}],"wp:attachment":[{"href":"https:\/\/jornaldeitaipava.com.br\/index.php\/wp-json\/wp\/v2\/media?parent=49166"}],"wp:term":[{"taxonomy":"category","embeddable":true,"href":"https:\/\/jornaldeitaipava.com.br\/index.php\/wp-json\/wp\/v2\/categories?post=49166"},{"taxonomy":"post_tag","embeddable":true,"href":"https:\/\/jornaldeitaipava.com.br\/index.php\/wp-json\/wp\/v2\/tags?post=49166"}],"curies":[{"name":"wp","href":"https:\/\/api.w.org\/{rel}","templated":true}]}}