{"id":49176,"date":"2025-12-08T20:02:31","date_gmt":"2025-12-08T23:02:31","guid":{"rendered":"http:\/\/jornaldeitaipava.com.br\/?p=49176"},"modified":"2025-12-08T20:02:34","modified_gmt":"2025-12-08T23:02:34","slug":"temperaturas-altas-como-manter-a-casa-fresca-sem-depender-do-ar-condicionado","status":"publish","type":"post","link":"https:\/\/jornaldeitaipava.com.br\/index.php\/2025\/12\/08\/temperaturas-altas-como-manter-a-casa-fresca-sem-depender-do-ar-condicionado\/","title":{"rendered":"Temperaturas altas: como manter a casa fresca sem depender do ar-condicionado"},"content":{"rendered":"\n<p class=\"has-text-align-center\"><strong>Arquiteta explica estrat\u00e9gias de projeto que reduzem o calor e aliviam o uso do aparelho nas ondas de calor<\/strong><\/p>\n\n\n\n<p>A COP30, realizada recentemente no Brasil, refor\u00e7ou a urg\u00eancia da crise clim\u00e1tica ao apontar que o pa\u00eds pode enfrentar um aquecimento de 4\u00b0C a 4,5\u00b0C acima dos n\u00edveis pr\u00e9-industriais \u2014 um cen\u00e1rio que intensificaria ondas de calor, noites abafadas e eventos extremos. Mesmo sem consenso internacional sobre a elimina\u00e7\u00e3o dos combust\u00edveis f\u00f3sseis, o alerta j\u00e1 se traduz no cotidiano: as temperaturas elevadas t\u00eam levado fam\u00edlias a repensarem as pr\u00f3prias casas, buscando maneiras de frear o calor e reduzir a depend\u00eancia do ar-condicionado.<br>Segundo a arquiteta e urbanista Lusianne Azamor, professora do curso de Arquitetura e Urbanismo da Est\u00e1cio, o primeiro passo para enfrentar o calor em casa \u00e9 compreender que ele n\u00e3o surge do nada: ele vem de fontes externas e internas. \u201cA gente precisa controlar o ganho de calor que vem da radia\u00e7\u00e3o solar. O sol bate no telhado, nas paredes, nas janelas. Tudo isso esquenta e leva calor para dentro do ambiente\u201d, explica. Ela destaca que paredes mais grossas, materiais adequados e, principalmente, a correta orienta\u00e7\u00e3o das fachadas ajudam a reduzir significativamente esse efeito. Ao mesmo tempo, h\u00e1 o calor produzido na pr\u00f3pria casa. \u201cN\u00f3s, as pessoas, emitimos calor, e os aparelhos tamb\u00e9m. Televis\u00e3o, l\u00e2mpadas, eletrodom\u00e9sticos, por exemplo, geram calor\u201d, lembra.<br>Para Lusianne, ventila\u00e7\u00e3o, luz e sombra n\u00e3o s\u00e3o detalhes, mas condicionantes fundamentais de um bom projeto. A orienta\u00e7\u00e3o solar determina boa parte do conforto t\u00e9rmico ao longo do ano. No hemisf\u00e9rio sul, a fachada norte recebe sol praticamente o tempo todo e, por isso, deve ser tratada com cuidado ao acomodar janelas. O sol da manh\u00e3, mais brando, costuma ser direcionado a ambientes \u00edntimos, como quartos, mas o sol da tarde \u2014 especialmente vindo do oeste \u2014 \u00e9 o mais desafiador. \u201cO oeste \u00e9 aquela orienta\u00e7\u00e3o que a gente tenta evitar. E quando n\u00e3o tem como evitar, usamos mecanismos como janelas com persianas, venezianas, brises, ou at\u00e9 uma barreira vegetal, com arboriza\u00e7\u00e3o e arbustos\u201d, explica. J\u00e1 a fachada sul \u00e9 considerada mais fresca e permite aberturas generosas, pois recebe menos incid\u00eancia solar direta ao longo do ano.<\/p>\n\n\n\n<p><strong>Verde \u00e9 prioridade<br><\/strong>Um dos pontos em que a arquiteta mais insiste \u00e9 a import\u00e2ncia do verde \u2014 n\u00e3o apenas como paisagem, mas como infraestrutura clim\u00e1tica. Ela destaca que a vegeta\u00e7\u00e3o proporciona sombreamento e ajuda a resfriar o ambiente pela evapo\u00adtranspira\u00e7\u00e3o: as plantas liberam vapor de \u00e1gua e, com isso, refrescam o entorno. Al\u00e9m disso, quebram o efeito de ilha de calor causado por superf\u00edcies imperme\u00e1veis e materiais que acumulam temperatura.<br>\u201cO verde faz muita diferen\u00e7a. Ele reduz a reten\u00e7\u00e3o de calor, melhora o microclima e pode transformar um ponto quente em um ponto de frescor\u201d, afirma. Ela lembra ainda que muitas cidades j\u00e1 incorporam exig\u00eancias de arboriza\u00e7\u00e3o, permeabilidade do solo e solu\u00e7\u00f5es baseadas na natureza em seus planos diretores justamente por reconhecerem a rela\u00e7\u00e3o direta entre vegeta\u00e7\u00e3o, conforto t\u00e9rmico e bem-estar.<br>O verde n\u00e3o precisa estar apenas nas cal\u00e7adas ou nas grandes \u00e1reas p\u00fablicas. Dentro dos lotes e das casas, ele pode aparecer nas \u00e1reas gramadas, em jardins, na arboriza\u00e7\u00e3o do entorno imediato e at\u00e9 como parte da pr\u00f3pria constru\u00e7\u00e3o. \u201cA gente volta para estrat\u00e9gias como telhados verdes e paredes verdes, que funcionam muito bem. A vegeta\u00e7\u00e3o na pr\u00f3pria edifica\u00e7\u00e3o contribui para climatizar o ambiente e reduzir o calor interno\u201d, explica. Segundo ela, essas solu\u00e7\u00f5es podem ser implantadas tanto em obras novas quanto em reformas, desde que haja planejamento e escolha adequada de esp\u00e9cies e sistemas.<\/p>\n\n\n\n<p><strong>Estrutura<br><\/strong>Para quem n\u00e3o pretende iniciar uma grande obra, ainda existem recursos simples e acess\u00edveis que fazem diferen\u00e7a. A arquiteta destaca as pinturas externas claras, especialmente o branco, que refletem boa parte do calor; o uso de cortinas, persianas e venezianas, capazes de barrar a radia\u00e7\u00e3o direta; e a instala\u00e7\u00e3o de mantas t\u00e9rmicas no forro, que reduzem o calor que desce do telhado para os ambientes. Ela ressalta que, embora a ventila\u00e7\u00e3o mec\u00e2nica continue sendo uma aliada, o ventilador consome muito menos energia do que o ar-condicionado e pode funcionar bem quando o restante do projeto colabora.<br>Os materiais tamb\u00e9m merecem aten\u00e7\u00e3o. \u201cMateriais que n\u00e3o ret\u00eam tanto calor, ou que demoram menos para dissipar essa temperatura, ajudam muito\u201d, explica. A escolha errada pode transformar a casa em um acumulador de calor, enquanto a escolha correta ajuda a manter a temperatura mais est\u00e1vel ao longo do dia.<br>Para Lusianne, o enfrentamento das altas temperaturas passa por uma combina\u00e7\u00e3o de estrat\u00e9gias: orienta\u00e7\u00e3o solar adequada, ventila\u00e7\u00e3o cruzada, presen\u00e7a de vegeta\u00e7\u00e3o, solu\u00e7\u00f5es construtivas inteligentes e escolha de materiais apropriados. \u201cCom um bom projeto, conseguimos minimizar bastante o uso do ar-condicionado. \u00c9 poss\u00edvel ter conforto t\u00e9rmico, consumir menos energia e viver em espa\u00e7os mais agrad\u00e1veis\u201d, conclui.<\/p>\n","protected":false},"excerpt":{"rendered":"<p>Arquiteta explica estrat\u00e9gias de projeto que reduzem o calor e aliviam o uso do aparelho<\/p>\n","protected":false},"author":1,"featured_media":49177,"comment_status":"closed","ping_status":"open","sticky":false,"template":"","format":"standard","meta":{"spay_email":"","footnotes":"","jetpack_publicize_message":""},"categories":[2],"tags":[],"jetpack_featured_media_url":"https:\/\/i0.wp.com\/jornaldeitaipava.com.br\/wp-content\/uploads\/2025\/12\/WhatsApp-Image-2025-12-08-at-14.47.43.jpeg?fit=1406%2C937&ssl=1","jetpack_publicize_connections":[],"jetpack_sharing_enabled":true,"jetpack_likes_enabled":true,"jetpack-related-posts":[],"_links":{"self":[{"href":"https:\/\/jornaldeitaipava.com.br\/index.php\/wp-json\/wp\/v2\/posts\/49176"}],"collection":[{"href":"https:\/\/jornaldeitaipava.com.br\/index.php\/wp-json\/wp\/v2\/posts"}],"about":[{"href":"https:\/\/jornaldeitaipava.com.br\/index.php\/wp-json\/wp\/v2\/types\/post"}],"author":[{"embeddable":true,"href":"https:\/\/jornaldeitaipava.com.br\/index.php\/wp-json\/wp\/v2\/users\/1"}],"replies":[{"embeddable":true,"href":"https:\/\/jornaldeitaipava.com.br\/index.php\/wp-json\/wp\/v2\/comments?post=49176"}],"version-history":[{"count":1,"href":"https:\/\/jornaldeitaipava.com.br\/index.php\/wp-json\/wp\/v2\/posts\/49176\/revisions"}],"predecessor-version":[{"id":49178,"href":"https:\/\/jornaldeitaipava.com.br\/index.php\/wp-json\/wp\/v2\/posts\/49176\/revisions\/49178"}],"wp:featuredmedia":[{"embeddable":true,"href":"https:\/\/jornaldeitaipava.com.br\/index.php\/wp-json\/wp\/v2\/media\/49177"}],"wp:attachment":[{"href":"https:\/\/jornaldeitaipava.com.br\/index.php\/wp-json\/wp\/v2\/media?parent=49176"}],"wp:term":[{"taxonomy":"category","embeddable":true,"href":"https:\/\/jornaldeitaipava.com.br\/index.php\/wp-json\/wp\/v2\/categories?post=49176"},{"taxonomy":"post_tag","embeddable":true,"href":"https:\/\/jornaldeitaipava.com.br\/index.php\/wp-json\/wp\/v2\/tags?post=49176"}],"curies":[{"name":"wp","href":"https:\/\/api.w.org\/{rel}","templated":true}]}}