{"id":49179,"date":"2025-12-08T20:05:57","date_gmt":"2025-12-08T23:05:57","guid":{"rendered":"http:\/\/jornaldeitaipava.com.br\/?p=49179"},"modified":"2025-12-08T20:06:00","modified_gmt":"2025-12-08T23:06:00","slug":"vereador-junior-coruja-denuncia-pessimo-servico-da-empresa-turp-e-cobra-providencias","status":"publish","type":"post","link":"https:\/\/jornaldeitaipava.com.br\/index.php\/2025\/12\/08\/vereador-junior-coruja-denuncia-pessimo-servico-da-empresa-turp-e-cobra-providencias\/","title":{"rendered":"VEREADOR J\u00daNIOR CORUJA DENUNCIA P\u00c9SSIMO SERVI\u00c7O DA EMPRESA TURP E COBRA PROVID\u00caNCIAS"},"content":{"rendered":"\n<p>O vereador J\u00fanior Coruja voltou a cobrar a\u00e7\u00f5es en\u00e9rgicas contra o p\u00e9ssimo servi\u00e7o prestado pela empresa de \u00f4nibus TURP, ap\u00f3s novos epis\u00f3dios que colocaram em risco a seguran\u00e7a de moradores de Araras, no \u00faltimo s\u00e1bado (6).<br>De acordo com relatos recebidos pelo parlamentar, um coletivo da empresa foi visto circulando pelo bairro liberando uma intensa nuvem de fuma\u00e7a preta pelo escapamento, indicando poss\u00edveis falhas mec\u00e2nicas e falta de manuten\u00e7\u00e3o adequada. O caso foi registrado por volta das 14h.<br>Poucas horas depois, por volta das 16h, um \u00f4nibus executivo da mesma empresa perdeu o freio durante o trajeto. Segundo informa\u00e7\u00f5es, somente a rea\u00e7\u00e3o r\u00e1pida e precisa do motorista, que direcionou o ve\u00edculo contra um barranco, evitou um acidente de maiores propor\u00e7\u00f5es.<br>A Prefeitura, por meio da Companhia Petropolitana de Tr\u00e2nsito e Transportes (CPTrans), informou que abriu investiga\u00e7\u00e3o para apurar o acidente com o \u00f4nibus n\u00ba 6822 que opera na linha 605, Vale das Videiras. A Turp \u2013 empresa respons\u00e1vel pela opera\u00e7\u00e3o \u2013 tem 48 horas para entregar documentos sobre a manuten\u00e7\u00e3o do ve\u00edculo, o hist\u00f3rico operacional e as informa\u00e7\u00f5es referentes ao motorista.<br>A empresa tem que apresentar dentro do prazo estabelecido: as ordens de servi\u00e7o dos \u00faltimos 12 meses, o hist\u00f3rico de manuten\u00e7\u00e3o preventiva e corretiva, os checklists de pr\u00e9-viagem, os relat\u00f3rios de telemetria caso existam e os registros de falhas mec\u00e2nicas. Tamb\u00e9m foram solicitadas a ficha funcional do motorista, a escala de trabalho, os exames m\u00e9dicos atualizados e os treinamentos realizados.<br>O mapa operacional da linha, os registros de ocorr\u00eancias anteriores e documentos previstos na ISO 9001, como procedimentos de manuten\u00e7\u00e3o, auditorias internas e plano de a\u00e7\u00e3o corretiva tamb\u00e9m devem ser enviados pela empresa.<br>A investiga\u00e7\u00e3o tem como objetivo refor\u00e7ar os padr\u00f5es de seguran\u00e7a no transporte p\u00fablico e evitar ocorr\u00eancias semelhantes ao que aconteceu no \u00faltimo fim de semana. O n\u00e3o envio das informa\u00e7\u00f5es dentro do prazo poder\u00e1 resultar em multa, autua\u00e7\u00e3o e suspens\u00e3o de opera\u00e7\u00e3o do ve\u00edculo.<\/p>\n","protected":false},"excerpt":{"rendered":"<p>O vereador J\u00fanior Coruja voltou a cobrar a\u00e7\u00f5es en\u00e9rgicas contra o p\u00e9ssimo servi\u00e7o prestado pela<\/p>\n","protected":false},"author":1,"featured_media":49180,"comment_status":"closed","ping_status":"open","sticky":false,"template":"","format":"standard","meta":{"spay_email":"","footnotes":"","jetpack_publicize_message":""},"categories":[24],"tags":[],"jetpack_featured_media_url":"https:\/\/i2.wp.com\/jornaldeitaipava.com.br\/wp-content\/uploads\/2025\/12\/WhatsApp-Image-2025-12-08-at-11.09.22.jpeg?fit=1600%2C1200&ssl=1","jetpack_publicize_connections":[],"jetpack_sharing_enabled":true,"jetpack_likes_enabled":true,"jetpack-related-posts":[],"_links":{"self":[{"href":"https:\/\/jornaldeitaipava.com.br\/index.php\/wp-json\/wp\/v2\/posts\/49179"}],"collection":[{"href":"https:\/\/jornaldeitaipava.com.br\/index.php\/wp-json\/wp\/v2\/posts"}],"about":[{"href":"https:\/\/jornaldeitaipava.com.br\/index.php\/wp-json\/wp\/v2\/types\/post"}],"author":[{"embeddable":true,"href":"https:\/\/jornaldeitaipava.com.br\/index.php\/wp-json\/wp\/v2\/users\/1"}],"replies":[{"embeddable":true,"href":"https:\/\/jornaldeitaipava.com.br\/index.php\/wp-json\/wp\/v2\/comments?post=49179"}],"version-history":[{"count":1,"href":"https:\/\/jornaldeitaipava.com.br\/index.php\/wp-json\/wp\/v2\/posts\/49179\/revisions"}],"predecessor-version":[{"id":49181,"href":"https:\/\/jornaldeitaipava.com.br\/index.php\/wp-json\/wp\/v2\/posts\/49179\/revisions\/49181"}],"wp:featuredmedia":[{"embeddable":true,"href":"https:\/\/jornaldeitaipava.com.br\/index.php\/wp-json\/wp\/v2\/media\/49180"}],"wp:attachment":[{"href":"https:\/\/jornaldeitaipava.com.br\/index.php\/wp-json\/wp\/v2\/media?parent=49179"}],"wp:term":[{"taxonomy":"category","embeddable":true,"href":"https:\/\/jornaldeitaipava.com.br\/index.php\/wp-json\/wp\/v2\/categories?post=49179"},{"taxonomy":"post_tag","embeddable":true,"href":"https:\/\/jornaldeitaipava.com.br\/index.php\/wp-json\/wp\/v2\/tags?post=49179"}],"curies":[{"name":"wp","href":"https:\/\/api.w.org\/{rel}","templated":true}]}}