{"id":49182,"date":"2025-12-08T20:07:24","date_gmt":"2025-12-08T23:07:24","guid":{"rendered":"http:\/\/jornaldeitaipava.com.br\/?p=49182"},"modified":"2025-12-08T20:07:27","modified_gmt":"2025-12-08T23:07:27","slug":"natal-imperial-taxa-de-ocupacao-hoteleira-em-petropolis-supera-88","status":"publish","type":"post","link":"https:\/\/jornaldeitaipava.com.br\/index.php\/2025\/12\/08\/natal-imperial-taxa-de-ocupacao-hoteleira-em-petropolis-supera-88\/","title":{"rendered":"Natal Imperial: taxa de ocupa\u00e7\u00e3o hoteleira em Petr\u00f3polis supera 88%"},"content":{"rendered":"\n<p class=\"has-text-align-center\"><strong>Evento come\u00e7ou na sexta-feira (05\/12) e segue at\u00e9 quatro de janeiro<\/strong><\/p>\n\n\n\n<p>O primeiro fim de semana de dezembro (05 a 07) com a abertura do Natal Imperial, a taxa m\u00e9dia de ocupa\u00e7\u00e3o hoteleira ficou em 88,20%. No 1\u00ba distrito (Centro e arredores), os \u00edndices ultrapassaram 97%, refor\u00e7ando a atratividade da regi\u00e3o. A cidade possui a maior oferta de hospedagem da regi\u00e3o, com mais de 6.600 leitos.<\/p>\n\n\n\n<p>O desempenho representa um crescimento de 10,82 pontos percentuais em rela\u00e7\u00e3o ao primeiro fim de semana do Natal Imperial de 2024, quando a taxa m\u00e9dia de ocupa\u00e7\u00e3o foi de 77,38%. \u201cEste \u00e9 um per\u00edodo que gera emprego, fortalece o turismo, movimenta nossa economia e valoriza nossa cultura. Aos parceiros e patrocinadores que tornam o Natal Imperial poss\u00edvel, nosso agradecimento\u201d, afirmou o prefeito Hingo Hammes.<\/p>\n\n\n\n<p>Al\u00e9m da programa\u00e7\u00e3o do Natal Imperial, o fim de semana tamb\u00e9m foi marcado pela realiza\u00e7\u00e3o da prova do PISM, vestibular seriado da Universidade Federal de Juiz de Fora (UFJF), aplicado tamb\u00e9m em Petr\u00f3polis. O exame atraiu milhares de estudantes, movimentando tamb\u00e9m os hot\u00e9is e com\u00e9rcio local.<\/p>\n\n\n\n<p>\u201cEssa \u00e9poca do ano, assim como nossa alta temporada que \u00e9 o inverno, tamb\u00e9m registramos bons n\u00fameros de ocupa\u00e7\u00e3o hoteleira e visita\u00e7\u00e3o. E o Natal Imperial \u00e9 um atrativo para esse maior movimento. Acreditamos que nos pr\u00f3ximos fins de semana, tamb\u00e9m vamos registrar bons \u00edndices\u201d, frisou o secret\u00e1rio de Turismo, Pablo Kling.<\/p>\n\n\n\n<p>O Natal Imperial 2025 segue at\u00e9 o dia quatro de janeiro de 2025, com mais de 100 atra\u00e7\u00f5es gratuitas espalhadas pela cidade. Entre os destaques, est\u00e1 o show de Toni Garrido, que acontece no Pal\u00e1cio de Cristal, no dia 19 de dezembro. A programa\u00e7\u00e3o completa do Natal Imperial est\u00e1 dispon\u00edvel no site da Prefeitura (petropolis.rj.gov.br).<\/p>\n\n\n\n<p>O Natal Imperial \u00e9 realizado com capta\u00e7\u00e3o de investimentos por leis de incentivo e conta com realiza\u00e7\u00e3o do Minist\u00e9rio da Cultura, Secretaria de Estado de Turismo do Rio de Janeiro, \u00c1guas do Imperador, Elovias, Zeiss, Alldub e Prefeitura de Petr\u00f3polis.<\/p>\n\n\n\n<p>O Pal\u00e1cio de Cristal como atrativo tur\u00edstico abre \u00e0s 9h.<br>Hor\u00e1rios de funcionamento das barracas:<br>Segunda a quarta-feira: 16h \u00e0s 22h<br>Quinta a domingo: 13h \u00e0 meia-noite<br>Hor\u00e1rios especiais:<br>Feriados: 13h \u00e0 meia-noite<\/p>\n","protected":false},"excerpt":{"rendered":"<p>Evento come\u00e7ou na sexta-feira (05\/12) e segue at\u00e9 quatro de janeiro O primeiro fim de<\/p>\n","protected":false},"author":1,"featured_media":49183,"comment_status":"closed","ping_status":"open","sticky":false,"template":"","format":"standard","meta":{"spay_email":"","footnotes":"","jetpack_publicize_message":""},"categories":[24],"tags":[],"jetpack_featured_media_url":"https:\/\/i0.wp.com\/jornaldeitaipava.com.br\/wp-content\/uploads\/2025\/12\/WhatsApp-Image-2025-12-08-at-15.07.10.jpeg?fit=1600%2C900&ssl=1","jetpack_publicize_connections":[],"jetpack_sharing_enabled":true,"jetpack_likes_enabled":true,"jetpack-related-posts":[],"_links":{"self":[{"href":"https:\/\/jornaldeitaipava.com.br\/index.php\/wp-json\/wp\/v2\/posts\/49182"}],"collection":[{"href":"https:\/\/jornaldeitaipava.com.br\/index.php\/wp-json\/wp\/v2\/posts"}],"about":[{"href":"https:\/\/jornaldeitaipava.com.br\/index.php\/wp-json\/wp\/v2\/types\/post"}],"author":[{"embeddable":true,"href":"https:\/\/jornaldeitaipava.com.br\/index.php\/wp-json\/wp\/v2\/users\/1"}],"replies":[{"embeddable":true,"href":"https:\/\/jornaldeitaipava.com.br\/index.php\/wp-json\/wp\/v2\/comments?post=49182"}],"version-history":[{"count":1,"href":"https:\/\/jornaldeitaipava.com.br\/index.php\/wp-json\/wp\/v2\/posts\/49182\/revisions"}],"predecessor-version":[{"id":49184,"href":"https:\/\/jornaldeitaipava.com.br\/index.php\/wp-json\/wp\/v2\/posts\/49182\/revisions\/49184"}],"wp:featuredmedia":[{"embeddable":true,"href":"https:\/\/jornaldeitaipava.com.br\/index.php\/wp-json\/wp\/v2\/media\/49183"}],"wp:attachment":[{"href":"https:\/\/jornaldeitaipava.com.br\/index.php\/wp-json\/wp\/v2\/media?parent=49182"}],"wp:term":[{"taxonomy":"category","embeddable":true,"href":"https:\/\/jornaldeitaipava.com.br\/index.php\/wp-json\/wp\/v2\/categories?post=49182"},{"taxonomy":"post_tag","embeddable":true,"href":"https:\/\/jornaldeitaipava.com.br\/index.php\/wp-json\/wp\/v2\/tags?post=49182"}],"curies":[{"name":"wp","href":"https:\/\/api.w.org\/{rel}","templated":true}]}}