{"id":49220,"date":"2025-12-11T17:32:33","date_gmt":"2025-12-11T20:32:33","guid":{"rendered":"http:\/\/jornaldeitaipava.com.br\/?p=49220"},"modified":"2025-12-11T17:32:36","modified_gmt":"2025-12-11T20:32:36","slug":"fiocruz-petropolis-conclui-formacao-de-agentes-comunitarios-de-saude-e-de-combate-as-endemias","status":"publish","type":"post","link":"https:\/\/jornaldeitaipava.com.br\/index.php\/2025\/12\/11\/fiocruz-petropolis-conclui-formacao-de-agentes-comunitarios-de-saude-e-de-combate-as-endemias\/","title":{"rendered":"Fiocruz Petr\u00f3polis conclui forma\u00e7\u00e3o de Agentes Comunit\u00e1rios de Sa\u00fade e de Combate \u00e0s Endemias"},"content":{"rendered":"\n<p class=\"has-text-align-center\"><strong>Curso de C<em>ontrole\u00a0Social e\u00a0Participa\u00e7\u00e3o\u00a0Popular teve 60 horas de dura\u00e7\u00e3o, com aulas te\u00f3ricas e pr\u00e1ticas<\/em><\/strong><\/p>\n\n\n\n<p>A forma\u00e7\u00e3o em controle social e participa\u00e7\u00e3o popular na Aten\u00e7\u00e3o Prim\u00e1ria em Sa\u00fade, destinada a Agentes Comunit\u00e1rios de Sa\u00fade (ACSs) e Agentes de Combate \u00e0s Endemias (ACEs) foi conclu\u00edda neste m\u00eas de dezembro. Com carga hor\u00e1ria de 60 horas,&nbsp;a&nbsp;forma\u00e7\u00e3o contou com&nbsp;aulas te\u00f3ricas, atividades pr\u00e1ticas nos territ\u00f3rios e momentos de reflex\u00e3o coletiva sobre os desafios e potencialidades do trabalho em sa\u00fade.&nbsp;O&nbsp;curso \u00e9 resultado de um Acordo de Coopera\u00e7\u00e3o entre o F\u00f3rum Itabora\u00ed: Pol\u00edtica, Ci\u00eancia e Cultura na Sa\u00fade\/ Fiocruz Petr\u00f3polis e a Secretaria Municipal de Sa\u00fade.&nbsp;<\/p>\n\n\n\n<p>O percurso formativo teve in\u00edcio em setembro com a abordagem da&nbsp;Determina\u00e7\u00e3o Social&nbsp;da Sa\u00fade.&nbsp;Durante o curso, os participantes trabalharam em grupos organizados por territ\u00f3rio \u2014 Retiro, Gl\u00f3ria, Independ\u00eancia, Vale das Videiras, Oswaldo Cruz e Vila S\u00e3o Jos\u00e9&nbsp;trazendo relatos que evidenciaram tanto vulnerabilidades quanto pot\u00eancias locais.&nbsp;Tamb\u00e9m houve um aprofundamento do&nbsp;debate sobre participa\u00e7\u00e3o popular&nbsp;e constru\u00e7\u00e3o de&nbsp;narrativas sobre os territ\u00f3rios, considerando as viv\u00eancias e perspectivas de&nbsp;ACSs&nbsp;e&nbsp;ACEs.&nbsp;&nbsp;<\/p>\n\n\n\n<p>Os cursistas tiveram ainda contato com&nbsp;Teatro do Oprimido&nbsp;e&nbsp;Diagn\u00f3stico R\u00e1pido Participativo (DRP)&nbsp;avan\u00e7ando no planejamento das a\u00e7\u00f5es territoriais.&nbsp;O&nbsp;grupo&nbsp;se debru\u00e7ou&nbsp;tamb\u00e9m&nbsp;sobre o debate de&nbsp;pol\u00edticas sociais com a participa\u00e7\u00e3o de convidados da assist\u00eancia social&nbsp;do munic\u00edpio, refor\u00e7ando a import\u00e2ncia da intersetorialidade e do entendimento integrado das pol\u00edticas p\u00fablicas no cotidiano da Aten\u00e7\u00e3o Prim\u00e1ria.&nbsp;&nbsp;<\/p>\n\n\n\n<p>Como trabalho final da forma\u00e7\u00e3o foram elaborados&nbsp;cinco planos de a\u00e7\u00f5es&nbsp;territoriais&nbsp;a partir da aplica\u00e7\u00e3o do DRP. As propostas&nbsp;foram apresentadas no \u00faltimo dia de aula, na sexta-feira, dia 5 de dezembro, e&nbsp;contemplaram&nbsp;a\u00e7\u00f5es constru\u00eddas a partir da escuta, da viv\u00eancia em campo e da an\u00e1lise das condi\u00e7\u00f5es sociais de cada territ\u00f3rio, priorizando o fortalecimento comunit\u00e1rio, a promo\u00e7\u00e3o da sa\u00fade e a amplia\u00e7\u00e3o da participa\u00e7\u00e3o popular nas decis\u00f5es relacionadas \u00e0 Aten\u00e7\u00e3o Prim\u00e1ria.&nbsp;<\/p>\n\n\n\n<p>Felix Rosenberg, diretor do F\u00f3rum Itabora\u00ed\/Fiocruz Petr\u00f3polis parabenizou os agentes pelos trabalhos&nbsp;apresentados, ressaltando que eles demonstram, de fato, o que \u00e9 a Determina\u00e7\u00e3o Social da Sa\u00fade. Destacou tamb\u00e9m a import\u00e2ncia da atua\u00e7\u00e3o dos agentes. \u201cVoc\u00eas s\u00e3o o elo&nbsp;do poder p\u00fablico com a comunidade. Ent\u00e3o, essa participa\u00e7\u00e3o&nbsp;de voc\u00eas&nbsp;\u00e9 fundamental.&nbsp;E \u00e9&nbsp;muito importante&nbsp;que esses&nbsp;trabalhos&nbsp;que voc\u00eas prop\u00f5em&nbsp;para&nbsp;os territ\u00f3rios&nbsp;tenham&nbsp;nosso apoio.&nbsp;E&nbsp;saibam que&nbsp;iremos acompanhar&nbsp;e,&nbsp;dentro das&nbsp;nossas \u00e1reas de compet\u00eancias&nbsp;espec\u00edficas, tentaremos&nbsp;contribuir&nbsp;para que as propostas sejam colocadas em pr\u00e1tica\u201d, ressaltou.&nbsp;<\/p>\n\n\n\n<p>Para a apoiadora institucional do N\u00facleo de Gest\u00e3o da Educa\u00e7\u00e3o em Sa\u00fade (Nuges) no munic\u00edpio, Norma Pontes,&nbsp;o curso foi uma semente plantada dentro de cada agente comunit\u00e1rio e de combate \u00e0s endemias.&nbsp;&#8220;E que a partir dele voc\u00eas possam construir esses espa\u00e7os de escuta, que a gente possa, juntos, ouvir cada vez mais a comunidade e, junto com ela, construir, de fato, essa aten\u00e7\u00e3o prim\u00e1ria que a gente acredita, que \u00e9 t\u00e3o importante para avan\u00e7ar na melhoria da qualidade de vida e sa\u00fade das nossas comunidades\u201d, disse, acrescentando que \u00e9 no territ\u00f3rio onde as pol\u00edticas p\u00fablicas se encontram, onde elas acontecem e t\u00eam influ\u00eancia na vida das pessoas.&nbsp;<\/p>\n\n\n\n<p>O&nbsp;secret\u00e1rio de Sa\u00fade,&nbsp;Aloisio Barbosa,&nbsp;afirmou&nbsp;que,&nbsp;ao ampliar o conhecimento te\u00f3rico e pr\u00e1tico dos&nbsp;agentes, s\u00e3o&nbsp;oferecidos&nbsp;instrumentos para que desenvolvam novas estrat\u00e9gias de apoio e articula\u00e7\u00e3o comunit\u00e1ria. \u201cTamb\u00e9m&nbsp;s\u00e3o fortalecidos&nbsp;v\u00ednculos, aprimorando&nbsp;pr\u00e1ticas e servi\u00e7os mais sens\u00edveis \u00e0s necessidades reais de cada territ\u00f3rio\u201d,&nbsp;concluiu.&nbsp;<\/p>\n","protected":false},"excerpt":{"rendered":"<p>Curso de Controle\u00a0Social e\u00a0Participa\u00e7\u00e3o\u00a0Popular teve 60 horas de dura\u00e7\u00e3o, com aulas te\u00f3ricas e pr\u00e1ticas A<\/p>\n","protected":false},"author":1,"featured_media":49221,"comment_status":"closed","ping_status":"open","sticky":false,"template":"","format":"standard","meta":{"spay_email":"","footnotes":"","jetpack_publicize_message":""},"categories":[2],"tags":[],"jetpack_featured_media_url":"https:\/\/i2.wp.com\/jornaldeitaipava.com.br\/wp-content\/uploads\/2025\/12\/Curso-ACS-e-ACE.jpeg?fit=1200%2C900&ssl=1","jetpack_publicize_connections":[],"jetpack_sharing_enabled":true,"jetpack_likes_enabled":true,"jetpack-related-posts":[],"_links":{"self":[{"href":"https:\/\/jornaldeitaipava.com.br\/index.php\/wp-json\/wp\/v2\/posts\/49220"}],"collection":[{"href":"https:\/\/jornaldeitaipava.com.br\/index.php\/wp-json\/wp\/v2\/posts"}],"about":[{"href":"https:\/\/jornaldeitaipava.com.br\/index.php\/wp-json\/wp\/v2\/types\/post"}],"author":[{"embeddable":true,"href":"https:\/\/jornaldeitaipava.com.br\/index.php\/wp-json\/wp\/v2\/users\/1"}],"replies":[{"embeddable":true,"href":"https:\/\/jornaldeitaipava.com.br\/index.php\/wp-json\/wp\/v2\/comments?post=49220"}],"version-history":[{"count":1,"href":"https:\/\/jornaldeitaipava.com.br\/index.php\/wp-json\/wp\/v2\/posts\/49220\/revisions"}],"predecessor-version":[{"id":49222,"href":"https:\/\/jornaldeitaipava.com.br\/index.php\/wp-json\/wp\/v2\/posts\/49220\/revisions\/49222"}],"wp:featuredmedia":[{"embeddable":true,"href":"https:\/\/jornaldeitaipava.com.br\/index.php\/wp-json\/wp\/v2\/media\/49221"}],"wp:attachment":[{"href":"https:\/\/jornaldeitaipava.com.br\/index.php\/wp-json\/wp\/v2\/media?parent=49220"}],"wp:term":[{"taxonomy":"category","embeddable":true,"href":"https:\/\/jornaldeitaipava.com.br\/index.php\/wp-json\/wp\/v2\/categories?post=49220"},{"taxonomy":"post_tag","embeddable":true,"href":"https:\/\/jornaldeitaipava.com.br\/index.php\/wp-json\/wp\/v2\/tags?post=49220"}],"curies":[{"name":"wp","href":"https:\/\/api.w.org\/{rel}","templated":true}]}}