{"id":49362,"date":"2025-12-27T11:32:00","date_gmt":"2025-12-27T14:32:00","guid":{"rendered":"https:\/\/jornaldeitaipava.com.br\/?p=49362"},"modified":"2025-12-27T11:32:05","modified_gmt":"2025-12-27T14:32:05","slug":"cao-terapeuta-transforma-a-rotina-das-criancas-na-pediatria-do-hac","status":"publish","type":"post","link":"https:\/\/jornaldeitaipava.com.br\/index.php\/2025\/12\/27\/cao-terapeuta-transforma-a-rotina-das-criancas-na-pediatria-do-hac\/","title":{"rendered":"C\u00e3o terapeuta transforma a rotina das crian\u00e7as na pediatria do HAC"},"content":{"rendered":"\n<p>As crian\u00e7as internadas na pediatria do Hospital Alcides Carneiro (HAC) tiveram uma surpresa nesta ter\u00e7a-feira (23\/12). Elas receberam a visita da cadela Pipa, da ra\u00e7a golden retriever, que atua como coterapeuta para ajudar na recupera\u00e7\u00e3o das crian\u00e7as. Pipa faz parte do Projeto TEAcolhe UERJ uma iniciativa multidisciplinar da Universidade do Estado do Rio de Janeiro (UERJ) que realiza Servi\u00e7os Assistidos por Animais (SAA) para acolher, promover bem-estar e inclus\u00e3o.<\/p>\n\n\n\n<p>\u201cMomentos como esse fazem toda a diferen\u00e7a na recupera\u00e7\u00e3o das crian\u00e7as. Levar acolhimento, alegria e afeto para dentro do hospital \u00e9 tamb\u00e9m uma forma de cuidar da sa\u00fade. Essa a\u00e7\u00e3o humaniza o atendimento e mostra que a sa\u00fade vai al\u00e9m do tratamento cl\u00ednico\u201d, comentou o prefeito Hingo Hammes<\/p>\n\n\n\n<p>Durante a visita, a Pipa ainda distribuiu presentes para as 16 crian\u00e7as internadas na pediatria do HAC. A iniciativa foi criada inicialmente para pessoas com Transtorno do Espectro Autista (TEA), mas hoje faz visitas em hospitais, escolas, lares de idosos e v\u00e1rias outras institui\u00e7\u00f5es.<\/p>\n\n\n\n<p>\u201cO Hospital Alcides Carneiro nos recebeu de bra\u00e7os abertos. Eu, como volunt\u00e1ria, e Pipa, como coterapeuta, estamos muito felizes com essa nova parceria. \u00c9 um sonho poder trazer pra Petr\u00f3polis o que vivemos nos hospitais do Rio. Acredito que dessa forma podemos transformar a vida de muitas pessoas, levando amor, carinho e conforto\u201d, destacou a coordenadora do Projeto em Petr\u00f3polis, Daniela Canto.<\/p>\n\n\n\n<p>O projeto, que chegou a Petr\u00f3polis este ano, \u00e9 desenvolvido h\u00e1 cinco anos no Rio de Janeiro, com a\u00e7\u00f5es no Hospital Universit\u00e1rio Pedro Ernesto (HUPE) e no Instituto Nacional de Traumatologia e Ortopedia (Into). A iniciativa oferece atividades para o desenvolvimento emocional, cognitivo e social.<\/p>\n\n\n\n<p>\u201cA presen\u00e7a do c\u00e3o terapeuta contribui diretamente para o bem-estar das crian\u00e7as, ajudando a reduzir o estresse, a ansiedade e at\u00e9 a dor durante o per\u00edodo de interna\u00e7\u00e3o. \u00c9 uma estrat\u00e9gia complementar importante, que refor\u00e7a nosso compromisso com um cuidado mais humanizado e integral\u201d, esclareceu o secret\u00e1rio de Sa\u00fade, Dr. Aloisio Barbosa.<\/p>\n","protected":false},"excerpt":{"rendered":"<p>As crian\u00e7as internadas na pediatria do Hospital Alcides Carneiro (HAC) tiveram uma surpresa nesta ter\u00e7a-feira<\/p>\n","protected":false},"author":1,"featured_media":49363,"comment_status":"closed","ping_status":"open","sticky":false,"template":"","format":"standard","meta":{"spay_email":"","footnotes":"","jetpack_publicize_message":""},"categories":[2],"tags":[],"jetpack_featured_media_url":"https:\/\/i1.wp.com\/jornaldeitaipava.com.br\/wp-content\/uploads\/2025\/12\/WhatsApp-Image-2025-12-24-at-20.13.05-e1766845913959.jpeg?fit=960%2C742&ssl=1","jetpack_publicize_connections":[],"jetpack_sharing_enabled":true,"jetpack_likes_enabled":true,"jetpack-related-posts":[],"_links":{"self":[{"href":"https:\/\/jornaldeitaipava.com.br\/index.php\/wp-json\/wp\/v2\/posts\/49362"}],"collection":[{"href":"https:\/\/jornaldeitaipava.com.br\/index.php\/wp-json\/wp\/v2\/posts"}],"about":[{"href":"https:\/\/jornaldeitaipava.com.br\/index.php\/wp-json\/wp\/v2\/types\/post"}],"author":[{"embeddable":true,"href":"https:\/\/jornaldeitaipava.com.br\/index.php\/wp-json\/wp\/v2\/users\/1"}],"replies":[{"embeddable":true,"href":"https:\/\/jornaldeitaipava.com.br\/index.php\/wp-json\/wp\/v2\/comments?post=49362"}],"version-history":[{"count":1,"href":"https:\/\/jornaldeitaipava.com.br\/index.php\/wp-json\/wp\/v2\/posts\/49362\/revisions"}],"predecessor-version":[{"id":49364,"href":"https:\/\/jornaldeitaipava.com.br\/index.php\/wp-json\/wp\/v2\/posts\/49362\/revisions\/49364"}],"wp:featuredmedia":[{"embeddable":true,"href":"https:\/\/jornaldeitaipava.com.br\/index.php\/wp-json\/wp\/v2\/media\/49363"}],"wp:attachment":[{"href":"https:\/\/jornaldeitaipava.com.br\/index.php\/wp-json\/wp\/v2\/media?parent=49362"}],"wp:term":[{"taxonomy":"category","embeddable":true,"href":"https:\/\/jornaldeitaipava.com.br\/index.php\/wp-json\/wp\/v2\/categories?post=49362"},{"taxonomy":"post_tag","embeddable":true,"href":"https:\/\/jornaldeitaipava.com.br\/index.php\/wp-json\/wp\/v2\/tags?post=49362"}],"curies":[{"name":"wp","href":"https:\/\/api.w.org\/{rel}","templated":true}]}}