{"id":49397,"date":"2025-12-30T10:24:20","date_gmt":"2025-12-30T13:24:20","guid":{"rendered":"http:\/\/jornaldeitaipava.com.br\/?p=49397"},"modified":"2025-12-30T10:24:28","modified_gmt":"2025-12-30T13:24:28","slug":"pressao-tecnica-e-dialogo-unita-quer-itaipava-no-centro-da-agenda-publica","status":"publish","type":"post","link":"https:\/\/jornaldeitaipava.com.br\/index.php\/2025\/12\/30\/pressao-tecnica-e-dialogo-unita-quer-itaipava-no-centro-da-agenda-publica\/","title":{"rendered":"Press\u00e3o t\u00e9cnica e di\u00e1logo: UNITA quer Itaipava no centro da agenda p\u00fablica"},"content":{"rendered":"\n<p class=\"has-text-align-center\"><strong>Com articula\u00e7\u00e3o t\u00e9cnica e institucional, entidade amplia visibilidade do distrito e mant\u00e9m press\u00e3o por obras e servi\u00e7os<\/strong><\/p>\n\n\n\n<p>O ano de 2025 representou para Itaipava \u2014 distrito muitas vezes negligenciado nas pol\u00edticas p\u00fablicas \u2014 um momento de maior visibilidade para suas demandas hist\u00f3ricas, tendo a atua\u00e7\u00e3o da UNITA, que combinou press\u00e3o, estudos t\u00e9cnicos e di\u00e1logo com poder p\u00fablico,&nbsp;para alcan\u00e7ar avan\u00e7os em obras e projetos. Em parceria com moradores, empres\u00e1rios e entidades representativas do distrito como a NovAmosanta, o grupo conseguiu colocar no centro da agenda municipal temas que repercutem diretamente na vida cotidiana, no turismo e na economia local.&nbsp;<\/p>\n\n\n\n<p>Criada em agosto de 2024, a associa\u00e7\u00e3o passou a articular moradores e empres\u00e1rios e est\u00e1 contribuindo para inserir na agenda municipal temas que impactam diretamente a vida cotidiana, o turismo e a economia local. \u201cA UNITA surgiu da necessidade de transformar a insatisfa\u00e7\u00e3o em propostas concretas. Nosso foco sempre foi dar voz t\u00e9cnica e organizada \u00e0s reivindica\u00e7\u00f5es de Itaipava\u201d, afirma o presidente da entidade, Alexandre Plantz.<\/p>\n\n\n\n<p>Uma das conquistas mais emblem\u00e1ticas, uma articula\u00e7\u00e3o de v\u00e1rias entidades, foi a antecipa\u00e7\u00e3o da constru\u00e7\u00e3o da nova ponte do Arranha-C\u00e9u, que substituir\u00e1 a estrutura atual, considerada colapsada. A obra, inicialmente prevista apenas para 2028, teve in\u00edcio antecipado para mar\u00e7o pela Elovias, nova opera\u00e7\u00e3o da BR-040, ap\u00f3s press\u00e3o e mobiliza\u00e7\u00e3o tendo a Unita como uma das vozes de cobran\u00e7a. \u201c\u00c9 uma interven\u00e7\u00e3o essencial para a seguran\u00e7a e para a mobilidade do distrito. A antecipa\u00e7\u00e3o s\u00f3 ocorreu porque houve reivindica\u00e7\u00e3o consistente e articula\u00e7\u00e3o com diferentes atores\u201d, destaca Plantz.<\/p>\n\n\n\n<p>A mobilidade urbana tamb\u00e9m ganhou impulso em julho de 2025, com o an\u00fancio da retomada da duplica\u00e7\u00e3o da Rua Agante Mo\u00e7o, via localizada atr\u00e1s do Parque de Exposi\u00e7\u00f5es. A obra contar\u00e1 com recursos federais da ordem de R$ 3,8 milh\u00f5es, por meio de emenda do deputado federal Hugo Leal, resultado de uni\u00e3o que teve participa\u00e7\u00e3o direta da UNITA. A interven\u00e7\u00e3o tamb\u00e9m mobilizou o governo do Estado agente que far\u00e1 a execu\u00e7\u00e3o da obra. Para Alexandre Plantz, o projeto atende a uma demanda estrat\u00e9gica. \u201cEssa via \u00e9 fundamental para desafogar o tr\u00e2nsito e acompanhar o crescimento do com\u00e9rcio, do turismo e da popula\u00e7\u00e3o residente. A duplica\u00e7\u00e3o n\u00e3o \u00e9 um luxo, \u00e9 uma necessidade urbana\u201d, pontua.<\/p>\n\n\n\n<p>No campo do planejamento, a UNITA elaborou um estudo t\u00e9cnico de mobilidade para o chamado \u201ccentro comercial de Itaipava\u201d, propondo interven\u00e7\u00f5es estruturantes, como a reconfigura\u00e7\u00e3o do Trevo de Bonsucesso, novos acessos ao terminal urbano e a requalifica\u00e7\u00e3o da Estrada Uni\u00e3o e Ind\u00fastria para operar como via bin\u00e1ria. A expectativa \u00e9 reduzir congestionamentos, aumentar a seguran\u00e7a vi\u00e1ria e melhorar a fluidez para moradores, turistas e atividades econ\u00f4micas. &#8220;Quando apresentamos dados e alternativas t\u00e9cnicas, o debate muda de patamar. As reivindica\u00e7\u00f5es deixam de ser gen\u00e9ricas e passam a ser vi\u00e1veis&#8221;, avalia Fabr\u00edcio Santos.<\/p>\n\n\n\n<p>Outro tema que ganhou centralidade foi a necessidade de um plano integrado de drenagem e conten\u00e7\u00e3o de enchentes e alagamentos \u2014 problema recorrente em per\u00edodos de chuvas intensas e com impactos diretos na economia local. A entidade formalizou pedidos \u00e0 prefeitura e alertou para os riscos de paralisa\u00e7\u00e3o em trechos cr\u00edticos da Estrada Uni\u00e3o e Ind\u00fastria. &#8220;Sem planejamento de planejamento, qualquer avan\u00e7o em mobilidade fica comprometido. \u00c9 uma pauta urgente&#8221;, refor\u00e7a o secret\u00e1rio.<\/p>\n\n\n\n<p>A UNITA tamb\u00e9m manteve atua\u00e7\u00e3o vigilante em epis\u00f3dios de risco \u00e0 popula\u00e7\u00e3o. Em outubro, ap\u00f3s o rompimento de uma rede de g\u00e1s que paralisou o tr\u00e2nsito e gerou inseguran\u00e7a, a entidade cobrou reparos imediatos, responsabiliza\u00e7\u00e3o da engenharia e maior planejamento nas interven\u00e7\u00f5es urbanas.&nbsp;A recorrente falta de energia el\u00e9trica em casos de chuva forte tamb\u00e9m \u00e9 pauta de cobran\u00e7as da UNITA que aponta preju\u00edzos para moradores e economia do distrito. \u201cN\u00e3o podemos normalizar situa\u00e7\u00f5es que coloquem moradores e visitantes em risco ou com a qualidade de vida comprometida.. Preven\u00e7\u00e3o e fiscaliza\u00e7\u00e3o precisam ser regra\u201d, afirma Plantz.&nbsp;<\/p>\n\n\n\n<p>Do ponto de vista institucional, a associa\u00e7\u00e3o est\u00e1 se consolidando como interlocutora relevante junto \u00e0 prefeitura, autarquias e \u00f3rg\u00e3os estaduais. Ao longo de 2025, foram estabelecidos canais de di\u00e1logo, reuni\u00f5es t\u00e9cnicas e propostas embasadas, conferindo maior legitimidade \u00e0s demandas do distrito. \u201cItaipava precisa ser ouvida de forma cont\u00ednua, n\u00e3o apenas em momentos de crise\u201d, ressalta o presidente da UNITA.<\/p>\n\n\n\n<p>Apesar dos avan\u00e7os, os resultados ainda s\u00e3o parciais. A entidade admite que o ritmo do poder p\u00fablico ainda n\u00e3o acompanha a urg\u00eancia das demandas e que \u00e9 necess\u00e1rio manter a cobran\u00e7a por aten\u00e7\u00e3o ao distrito de forma permanente. \u201cO ano de 2026 ser\u00e1 de vigil\u00e2ncia cont\u00ednua. Vamos continuar cobrando, acompanhando e propondo\u201d, afirma Fabr\u00edcio Santos.<\/p>\n\n\n\n<p>Para o pr\u00f3ximo ano, a expectativa da UNITA \u00e9 que os compromissos refor\u00e7ados se traduzam em obras e servi\u00e7os concretos. A entidade defende a mobilidade como prioridade estruturante, com conclus\u00e3o das pavimenta\u00e7\u00f5es, requalifica\u00e7\u00e3o do transporte p\u00fablico, avan\u00e7os em drenagem, saneamento e reordenamento do tr\u00e1fego. \u201cNosso objetivo \u00e9 que Itaipava seja reconhecida pelo poder p\u00fablico por sua import\u00e2ncia como espa\u00e7o de moradia, turismo, desenvolvimento econ\u00f4mico e qualidade de vida\u201d, finaliza Alexandre Plantz.<\/p>\n","protected":false},"excerpt":{"rendered":"<p>Com articula\u00e7\u00e3o t\u00e9cnica e institucional, entidade amplia visibilidade do distrito e mant\u00e9m press\u00e3o por obras<\/p>\n","protected":false},"author":1,"featured_media":49398,"comment_status":"closed","ping_status":"open","sticky":false,"template":"","format":"standard","meta":{"spay_email":"","footnotes":"","jetpack_publicize_message":""},"categories":[24],"tags":[],"jetpack_featured_media_url":"https:\/\/i0.wp.com\/jornaldeitaipava.com.br\/wp-content\/uploads\/2025\/12\/Rotatoria-Bramil-2.jpg?fit=1061%2C472&ssl=1","jetpack_publicize_connections":[],"jetpack_sharing_enabled":true,"jetpack_likes_enabled":true,"jetpack-related-posts":[],"_links":{"self":[{"href":"https:\/\/jornaldeitaipava.com.br\/index.php\/wp-json\/wp\/v2\/posts\/49397"}],"collection":[{"href":"https:\/\/jornaldeitaipava.com.br\/index.php\/wp-json\/wp\/v2\/posts"}],"about":[{"href":"https:\/\/jornaldeitaipava.com.br\/index.php\/wp-json\/wp\/v2\/types\/post"}],"author":[{"embeddable":true,"href":"https:\/\/jornaldeitaipava.com.br\/index.php\/wp-json\/wp\/v2\/users\/1"}],"replies":[{"embeddable":true,"href":"https:\/\/jornaldeitaipava.com.br\/index.php\/wp-json\/wp\/v2\/comments?post=49397"}],"version-history":[{"count":1,"href":"https:\/\/jornaldeitaipava.com.br\/index.php\/wp-json\/wp\/v2\/posts\/49397\/revisions"}],"predecessor-version":[{"id":49399,"href":"https:\/\/jornaldeitaipava.com.br\/index.php\/wp-json\/wp\/v2\/posts\/49397\/revisions\/49399"}],"wp:featuredmedia":[{"embeddable":true,"href":"https:\/\/jornaldeitaipava.com.br\/index.php\/wp-json\/wp\/v2\/media\/49398"}],"wp:attachment":[{"href":"https:\/\/jornaldeitaipava.com.br\/index.php\/wp-json\/wp\/v2\/media?parent=49397"}],"wp:term":[{"taxonomy":"category","embeddable":true,"href":"https:\/\/jornaldeitaipava.com.br\/index.php\/wp-json\/wp\/v2\/categories?post=49397"},{"taxonomy":"post_tag","embeddable":true,"href":"https:\/\/jornaldeitaipava.com.br\/index.php\/wp-json\/wp\/v2\/tags?post=49397"}],"curies":[{"name":"wp","href":"https:\/\/api.w.org\/{rel}","templated":true}]}}