{"id":49400,"date":"2025-12-30T10:26:23","date_gmt":"2025-12-30T13:26:23","guid":{"rendered":"http:\/\/jornaldeitaipava.com.br\/?p=49400"},"modified":"2025-12-30T10:26:28","modified_gmt":"2025-12-30T13:26:28","slug":"cto-celebra-45-anos-de-historia-acolhimento-e-excelencia-em-oncologia-em-petropolis","status":"publish","type":"post","link":"https:\/\/jornaldeitaipava.com.br\/index.php\/2025\/12\/30\/cto-celebra-45-anos-de-historia-acolhimento-e-excelencia-em-oncologia-em-petropolis\/","title":{"rendered":"CTO celebra 45 anos de hist\u00f3ria, acolhimento e excel\u00eancia em oncologia em Petr\u00f3polis"},"content":{"rendered":"\n<h4 class=\"wp-block-heading has-text-align-center\">Fundado em 1980, centro re\u00fane corpo cl\u00ednico altamente qualificado, trajet\u00f3ria de expans\u00e3o e compromisso com o cuidado humanizado<\/h4>\n\n\n\n<p>O Centro de Terapia Oncol\u00f3gica (CTO), cl\u00ednica especializada no tratamento do c\u00e2ncer em Petr\u00f3polis, celebra 45 anos dedicados ao cuidado integral de pacientes com c\u00e2ncer em Petr\u00f3polis e regi\u00e3o. Desde a funda\u00e7\u00e3o em 1980, o CTO construiu uma trajet\u00f3ria marcada pela excel\u00eancia cl\u00ednica, pela expans\u00e3o de sua infraestrutura e, principalmente, pelo acolhimento humano que fez com que se tornasse refer\u00eancia no tratamento oncol\u00f3gico. Profissionais, pacientes e fundadores relembram essa hist\u00f3ria que transformou a oncologia no munic\u00edpio e ajudou a escrever cap\u00edtulos importantes da sa\u00fade local.<\/p>\n\n\n\n<p>A celebra\u00e7\u00e3o dos 45 anos resgata uma trajet\u00f3ria iniciada por Carla Ismael, Bernardino Ferreira, Mauro Vieira e Francisco Roberto Millington (<em>in memoriam<\/em>), em duas pequenas salas da Rua 16 de Mar\u00e7o. Com o aumento da demanda, o centro mudou-se para Corr\u00eaas em 1992, atendendo pacientes do antigo Sanat\u00f3rio Oswaldo Cruz (SOC), at\u00e9 finalmente se estabelecer, em 1996, no casar\u00e3o do Morin \u2014 onde cresceu e modernizou-se. Em 2024, inaugurou a unidade do SUS que funciona dentro do complexo do Hospital Alcides Carneiro (HAC).&nbsp;<\/p>\n\n\n\n<p>Ao relembrar essa jornada, o oncologista Mauro Vieira, um dos fundadores, destaca o sentido de miss\u00e3o que sempre guiou o centro: \u201cCome\u00e7amos na d\u00e9cada de 1980 com a expectativa de oferecer apoio, esperan\u00e7a e um ombro para o paciente que precisasse chorar \u2014 e n\u00f3s choramos juntos. Acredito que conseguimos isso. Basta ver at\u00e9 onde essa estrutura chegou e que conseguimos oferecer aos nossos pacientes o melhor que a ci\u00eancia disponibiliza\u201d.&nbsp;<\/p>\n\n\n\n<p>O tamb\u00e9m fundador Bernardino Ferreira refor\u00e7a a evolu\u00e7\u00e3o da equipe e do cuidado: \u201cFaz parte da nossa vida levar aten\u00e7\u00e3o, acolhimento e tratamento. Hoje contamos com uma equipe grande de oncologistas oferecendo o que h\u00e1 de mais atualizado no tratamento contra o c\u00e2ncer\u201d, destaca.<\/p>\n\n\n\n<p>A vis\u00e3o dos pacientes tamb\u00e9m ajuda a contar essa hist\u00f3ria. Joyce, 29 anos, em tratamento no CTO, resume o que encontrou ali: \u201cEmpatia e a disponibilidade&nbsp; dos m\u00e9dicos de responder qualquer d\u00favida a qualquer hora fizeram uma diferen\u00e7a muito grande para mim\u201d, disse a paciente, que tratou um c\u00e2ncer de mama neste ano.&nbsp;<\/p>\n\n\n\n<p>Ao longo das d\u00e9cadas, o centro cresceu sem perder seus v\u00ednculos afetivos. Vera Voigt, colaboradora h\u00e1 26 anos, lembra: \u201cAcompanhei esse esp\u00edrito t\u00e3o humanit\u00e1rio e dedicado aos pacientes. Tenho muito orgulho de fazer parte dessa hist\u00f3ria\u201d. Luiza de Marilac, que ingressou na cl\u00ednica ainda na d\u00e9cada de 1980, refor\u00e7a: \u201cEu cresci junto com o CTO.\u201d<\/p>\n\n\n\n<p>Marta Freitas, tamb\u00e9m da equipe, celebra a transforma\u00e7\u00e3o da institui\u00e7\u00e3o: \u201cTenho muito orgulho de participar desses 45 anos e ver a cl\u00ednica sempre buscando o melhor para seus pacientes\u201d. J\u00e1 a psic\u00f3loga Cristina Volker, com 36 anos dedicados ao centro, recorda a evolu\u00e7\u00e3o desde os primeiros atendimentos no SOC: \u201c\u00c9 um orgulho estar aqui. O quanto tudo evoluiu, o quanto cresceu. A ci\u00eancia avan\u00e7a e, com ela, a possibilidade de oferecer acolhimento e esperan\u00e7a de que o paciente vai ficar bem\u201d.<\/p>\n\n\n\n<p>Na equipe de enfermagem, hist\u00f3rias de vida se entrela\u00e7am ao desenvolvimento do CTO. Rog\u00e9rio Machado, h\u00e1 29 anos na institui\u00e7\u00e3o, conta: \u201cEntrei como t\u00e9cnico de enfermagem e hoje sou enfermeiro assistencial na quimioterapia. Minha vontade de continuar \u00e9 porque eu gosto do que fa\u00e7o \u2014 e aprendi isso com um grande amigo e patr\u00e3o, o doutor Francisco Roberto Millington\u201d, afirma.<\/p>\n\n\n\n<p>Para a oncologista e cofundadora Carla Ismael, o CTO consolidou-se como refer\u00eancia regional: \u201cHoje o CTO pode ser equiparado aos melhores centros de oncologia da regi\u00e3o, do estado, do pa\u00eds e at\u00e9 do mundo. E al\u00e9m da infraestrutura e de um corpo cl\u00ednico altamente qualificado, devemos muito disso tamb\u00e9m aos nossos colaboradores, muitos que fazem parte dessa hist\u00f3ria h\u00e1 d\u00e9cadas\u201d. E completa: \u201cEsperamos que o CTO continue por mais 45 anos contribuindo para o atendimento dos pacientes de Petr\u00f3polis e regi\u00e3o\u201d, conclui.&nbsp;<\/p>\n","protected":false},"excerpt":{"rendered":"<p>Fundado em 1980, centro re\u00fane corpo cl\u00ednico altamente qualificado, trajet\u00f3ria de expans\u00e3o e compromisso com<\/p>\n","protected":false},"author":1,"featured_media":49401,"comment_status":"closed","ping_status":"open","sticky":false,"template":"","format":"standard","meta":{"spay_email":"","footnotes":"","jetpack_publicize_message":""},"categories":[2],"tags":[],"jetpack_featured_media_url":"https:\/\/i0.wp.com\/jornaldeitaipava.com.br\/wp-content\/uploads\/2025\/12\/CTO-45-anos_Marco-Oddone-scaled.jpg?fit=2560%2C2293&ssl=1","jetpack_publicize_connections":[],"jetpack_sharing_enabled":true,"jetpack_likes_enabled":true,"jetpack-related-posts":[],"_links":{"self":[{"href":"https:\/\/jornaldeitaipava.com.br\/index.php\/wp-json\/wp\/v2\/posts\/49400"}],"collection":[{"href":"https:\/\/jornaldeitaipava.com.br\/index.php\/wp-json\/wp\/v2\/posts"}],"about":[{"href":"https:\/\/jornaldeitaipava.com.br\/index.php\/wp-json\/wp\/v2\/types\/post"}],"author":[{"embeddable":true,"href":"https:\/\/jornaldeitaipava.com.br\/index.php\/wp-json\/wp\/v2\/users\/1"}],"replies":[{"embeddable":true,"href":"https:\/\/jornaldeitaipava.com.br\/index.php\/wp-json\/wp\/v2\/comments?post=49400"}],"version-history":[{"count":1,"href":"https:\/\/jornaldeitaipava.com.br\/index.php\/wp-json\/wp\/v2\/posts\/49400\/revisions"}],"predecessor-version":[{"id":49402,"href":"https:\/\/jornaldeitaipava.com.br\/index.php\/wp-json\/wp\/v2\/posts\/49400\/revisions\/49402"}],"wp:featuredmedia":[{"embeddable":true,"href":"https:\/\/jornaldeitaipava.com.br\/index.php\/wp-json\/wp\/v2\/media\/49401"}],"wp:attachment":[{"href":"https:\/\/jornaldeitaipava.com.br\/index.php\/wp-json\/wp\/v2\/media?parent=49400"}],"wp:term":[{"taxonomy":"category","embeddable":true,"href":"https:\/\/jornaldeitaipava.com.br\/index.php\/wp-json\/wp\/v2\/categories?post=49400"},{"taxonomy":"post_tag","embeddable":true,"href":"https:\/\/jornaldeitaipava.com.br\/index.php\/wp-json\/wp\/v2\/tags?post=49400"}],"curies":[{"name":"wp","href":"https:\/\/api.w.org\/{rel}","templated":true}]}}