{"id":49403,"date":"2025-12-30T10:32:06","date_gmt":"2025-12-30T13:32:06","guid":{"rendered":"http:\/\/jornaldeitaipava.com.br\/?p=49403"},"modified":"2025-12-30T10:32:09","modified_gmt":"2025-12-30T13:32:09","slug":"retrospectiva-flamengo-domina-o-futebol-brasileiro-em-2025","status":"publish","type":"post","link":"https:\/\/jornaldeitaipava.com.br\/index.php\/2025\/12\/30\/retrospectiva-flamengo-domina-o-futebol-brasileiro-em-2025\/","title":{"rendered":"Retrospectiva: Flamengo domina o futebol brasileiro em 2025"},"content":{"rendered":"\n<p>Quando se pensa no futebol masculino brasileiro, o ano de 2026 teve um protagonista, o Flamengo, que levantou quatro trof\u00e9us: o Campeonato Carioca, a Supercopa do Brasil, a Copa Libertadores e o Campeonato Brasileiro.<img decoding=\"async\" src=\"https:\/\/i0.wp.com\/agenciabrasil.ebc.com.br\/ebc.png?w=640&#038;ssl=1\" data-recalc-dims=\"1\"><img decoding=\"async\" src=\"https:\/\/i2.wp.com\/agenciabrasil.ebc.com.br\/ebc.gif?w=640&#038;ssl=1\" data-recalc-dims=\"1\"><\/p>\n\n\n\n<p>Entre tantas conquistas alcan\u00e7adas pela equipe pelo t\u00e9cnico Filipe Lu\u00eds, duas ocuparam um lugar especial, a do tetracampeonato do principal torneio do continente e a do eneacampeonato da competi\u00e7\u00e3o nacional.<\/p>\n\n\n\n<p>O gol da vit\u00f3ria saiu aos 21 minutos do segundo tempo, quando o uruguaio Arrascaeta cobrou escanteio pela esquerda, Danilo subiu sozinho e, de cabe\u00e7a, mandou no canto direito de Carlos Miguel. Quatorze anos depois de fazer o gol do t\u00edtulo do Santos contra o Pe\u00f1arol (Uruguai), o zagueiro voltou a balan\u00e7ar as redes em uma final de Libertadores. E novamente de forma decisiva.<\/p>\n\n\n\n<p><a href=\"https:\/\/agenciabrasil.ebc.com.br\/esportes\/noticia\/2025-12\/flamengo-perde-para-psg-e-ve-sonho-do-bi-mundial-adiado\" target=\"_blank\" rel=\"noreferrer noopener\">O time da G\u00e1vea teve a oportunidade de levantar um quinto trof\u00e9u na temporada, a Copa Intercontinental de Clubes da Fifa<\/a>.\u00a0Por\u00e9m, na final da competi\u00e7\u00e3o realizada no Catar, a equipe comandada pelo t\u00e9cnico Filipe Lu\u00eds foi derrotada pelo PSG (Fran\u00e7a) por 2 a 1 na cobran\u00e7a de p\u00eanaltis, ap\u00f3s um empate de 1 a 1 com a bola rolando.<\/p>\n\n\n\n<p>J\u00e1 a Copa do Brasil terminou com o triunfo do Corinthians.&nbsp;<a href=\"https:\/\/agenciabrasil.ebc.com.br\/esportes\/noticia\/2025-12\/corinthians-vence-vasco-e-conquista-tetracampeonato-da-copa-do-brasil\" target=\"_blank\" rel=\"noreferrer noopener\">Com gols de Yuri Alberto e do holand\u00eas Memphis Depay, o&nbsp;Tim\u00e3o superou o Vasco pelo placar de 2 a 1 em pleno est\u00e1dio do Maracan\u00e3<\/a>, para garantir&nbsp;o seu quarto t\u00edtulo na competi\u00e7\u00e3o.<\/p>\n\n\n\n<p>Anteriormente, o Corinthians garantiu o trof\u00e9u da competi\u00e7\u00e3o nos anos de 1995, 2002 e 2009. Com a vit\u00f3ria deste domingo a equipe carioca garante a presen\u00e7a na edi\u00e7\u00e3o 2026 da Copa Libertadores.\u00a0<\/p>\n\n\n\n<h2 class=\"wp-block-heading\">Mundial surpreendente<\/h2>\n\n\n\n<p>Uma competi\u00e7\u00e3o que chamou muito a aten\u00e7\u00e3o na atual temporada foi a primeira edi\u00e7\u00e3o da Copa de Mundo de Clubes promovida pela Fifa. O torneio, disputado nos Estados Unidos, reuniu 32 equipes de diferentes partes do mundo nos meses de junho e julho.<\/p>\n\n\n\n<p>Se antes de a bola rolar a expectativa era de um predom\u00ednio europeu frente a times de outros continentes, o que se viu dentro das quatro linhas foi uma s\u00e9rie de resultados surpreendentes. O primeiro deles foi\u00a0<a href=\"https:\/\/agenciabrasil.ebc.com.br\/esportes\/noticia\/2025-06\/mundial-de-clubes-botafogo-mostra-que-ainda-podemos-com-os-europeus\" target=\"_blank\" rel=\"noreferrer noopener\">a vit\u00f3ria do Botafogo (\u00e0 \u00e9poca o detentor do t\u00edtulo da Libertadores) sobre o PSG (campe\u00e3o da Liga dos Campe\u00f5es e apontado como um dos favoritos ao t\u00edtulo)<\/a>.<\/p>\n\n\n\n<p>Assim como o Alvinegro de General Severiano, os outros tr\u00eas representes brasileiros na competi\u00e7\u00e3o conseguiram importantes resultados diante de times do Velho Continente.&nbsp;<a href=\"https:\/\/agenciabrasil.ebc.com.br\/esportes\/noticia\/2025-06\/flamengo-vira-sobre-o-chelsea-pela-copa-do-mundo-de-clubes-da-fifa\" target=\"_blank\" rel=\"noreferrer noopener\">O Flamengo superou o Chelsea (Inglaterra) ainda na fase de grupos<\/a>, o&nbsp;<a href=\"https:\/\/agenciabrasil.ebc.com.br\/esportes\/noticia\/2025-06\/fluminense-derruba-inter-e-se-garante-nas-quartas-do-mundial-de-clubes\" target=\"_blank\" rel=\"noreferrer noopener\">Fluminense bateu a Inter de Mil\u00e3o (It\u00e1lia) nas oitavas de final<\/a>&nbsp;e o Palmeiras estreou na competi\u00e7\u00e3o com um empate sem gols com o Porto (Portugal).<\/p>\n\n\n\n<p>No final\u00a0<a href=\"https:\/\/agenciabrasil.ebc.com.br\/esportes\/noticia\/2025-07\/sob-batuta-de-palmer-chelsea-derrota-psg-para-conquistar-o-mundo\" target=\"_blank\" rel=\"noreferrer noopener\">o t\u00edtulo ficou com uma equipe europeia, o Chelsea (que eliminou o Palmeiras nas quartas de final e o Fluminense nas semifinais)<\/a>, mas ficou claro que o abismo entre as equipes do Velho Continente e do Brasil n\u00e3o \u00e9 t\u00e3o grande quando se imaginava.<\/p>\n\n\n\n<h2 class=\"wp-block-heading\">Troca de comando na sele\u00e7\u00e3o<\/h2>\n\n\n\n<p>2025 tamb\u00e9m foi um ano de muitas mudan\u00e7as na sele\u00e7\u00e3o brasileira. E a principal delas foi\u00a0<a href=\"https:\/\/agenciabrasil.ebc.com.br\/esportes\/noticia\/2025-05\/cbf-anuncia-carlo-ancelotti-como-novo-treinador-da-selecao\" target=\"_blank\" rel=\"noreferrer noopener\">o an\u00fancio do italiano Carlo Ancelotti para o posto de novo t\u00e9cnico da equipe nacional<\/a>. O experiente treinador, que na \u00faltima temporada europeia dirigiu o Real Madrid (Espanha), chegou com a miss\u00e3o de tornar novamente competitiva a equipe brasileira, que, at\u00e9 ent\u00e3o, colecionava resultados ruins.<\/p>\n\n\n\n<p>O pior deles foi o que culminou com a&nbsp;<a href=\"https:\/\/agenciabrasil.ebc.com.br\/esportes\/noticia\/2025-03\/em-noite-para-esquecer-brasil-e-goleado-pela-argentina-por-4-1\" target=\"_blank\" rel=\"noreferrer noopener\">demiss\u00e3o de Dorival J\u00fanior, o antecessor de Ancelotti no posto de comandante do Brasil, uma derrota por 4 a 1 para a Argentina em partida v\u00e1lida pelas Eliminat\u00f3rias Sul-Americanas para a Copa do Mundo de 2026<\/a>, competi\u00e7\u00e3o que ser\u00e1 disputada entre 11 de junho e 19 de julho do pr\u00f3ximo ano no Canad\u00e1, no M\u00e9xico e nos Estados Unidos.<\/p>\n\n\n\n<p>Ancelotti \u00e9 o terceiro t\u00e9cnico estrangeiro a dirigir a sele\u00e7\u00e3o brasileira. O primeiro foi o uruguaio Ram\u00f3n Platero, em 1925, e o segundo foi o argentino Filpo Nu\u00f1ez, em 1965.<\/p>\n\n\n\n<p>Agora, o italiano, com vitoriosas passagens por gigantes europeus como Milan (It\u00e1lia), Real Madrid, Juventus (It\u00e1lia), PSG, Chelsea e Bayern de Munique (Alemanha), tem a miss\u00e3o de conduzir o Brasil ao t\u00edtulo do Mundial de 2026, encerrando um jejum de 24 anos do Brasil (a \u00faltima conquista foi em 2002).<\/p>\n\n\n\n<p>Da Ag\u00eancia Brasil<\/p>\n","protected":false},"excerpt":{"rendered":"<p>Quando se pensa no futebol masculino brasileiro, o ano de 2026 teve um protagonista, o<\/p>\n","protected":false},"author":1,"featured_media":7565,"comment_status":"closed","ping_status":"open","sticky":false,"template":"","format":"standard","meta":{"spay_email":"","footnotes":"","jetpack_publicize_message":""},"categories":[9],"tags":[],"jetpack_featured_media_url":"https:\/\/i2.wp.com\/jornaldeitaipava.com.br\/wp-content\/uploads\/2020\/12\/FUTEBOL-2.jpg?fit=1920%2C1080&ssl=1","jetpack_publicize_connections":[],"jetpack_sharing_enabled":true,"jetpack_likes_enabled":true,"jetpack-related-posts":[],"_links":{"self":[{"href":"https:\/\/jornaldeitaipava.com.br\/index.php\/wp-json\/wp\/v2\/posts\/49403"}],"collection":[{"href":"https:\/\/jornaldeitaipava.com.br\/index.php\/wp-json\/wp\/v2\/posts"}],"about":[{"href":"https:\/\/jornaldeitaipava.com.br\/index.php\/wp-json\/wp\/v2\/types\/post"}],"author":[{"embeddable":true,"href":"https:\/\/jornaldeitaipava.com.br\/index.php\/wp-json\/wp\/v2\/users\/1"}],"replies":[{"embeddable":true,"href":"https:\/\/jornaldeitaipava.com.br\/index.php\/wp-json\/wp\/v2\/comments?post=49403"}],"version-history":[{"count":1,"href":"https:\/\/jornaldeitaipava.com.br\/index.php\/wp-json\/wp\/v2\/posts\/49403\/revisions"}],"predecessor-version":[{"id":49404,"href":"https:\/\/jornaldeitaipava.com.br\/index.php\/wp-json\/wp\/v2\/posts\/49403\/revisions\/49404"}],"wp:featuredmedia":[{"embeddable":true,"href":"https:\/\/jornaldeitaipava.com.br\/index.php\/wp-json\/wp\/v2\/media\/7565"}],"wp:attachment":[{"href":"https:\/\/jornaldeitaipava.com.br\/index.php\/wp-json\/wp\/v2\/media?parent=49403"}],"wp:term":[{"taxonomy":"category","embeddable":true,"href":"https:\/\/jornaldeitaipava.com.br\/index.php\/wp-json\/wp\/v2\/categories?post=49403"},{"taxonomy":"post_tag","embeddable":true,"href":"https:\/\/jornaldeitaipava.com.br\/index.php\/wp-json\/wp\/v2\/tags?post=49403"}],"curies":[{"name":"wp","href":"https:\/\/api.w.org\/{rel}","templated":true}]}}