{"id":49405,"date":"2025-12-30T10:33:56","date_gmt":"2025-12-30T13:33:56","guid":{"rendered":"http:\/\/jornaldeitaipava.com.br\/?p=49405"},"modified":"2025-12-30T10:34:02","modified_gmt":"2025-12-30T13:34:02","slug":"correios-preveem-15-mil-demissoes-voluntarias-e-fechar-mil-agencias","status":"publish","type":"post","link":"https:\/\/jornaldeitaipava.com.br\/index.php\/2025\/12\/30\/correios-preveem-15-mil-demissoes-voluntarias-e-fechar-mil-agencias\/","title":{"rendered":"Correios preveem 15 mil demiss\u00f5es volunt\u00e1rias e fechar mil ag\u00eancias"},"content":{"rendered":"\n<p><strong>Com o objetivo de reduzir os d\u00e9ficits registrados desde 2022, os Correios divulgaram nesta segunda-feira (29) um plano de reestrutura\u00e7\u00e3o da companhia com previs\u00e3o de fechar 16% das ag\u00eancias da estatal, o que representa cerca de mil das 6 mil unidades pr\u00f3prias&nbsp; em todo o pa\u00eds.<\/strong><img decoding=\"async\" src=\"https:\/\/i0.wp.com\/agenciabrasil.ebc.com.br\/ebc.png?w=640&#038;ssl=1\" data-recalc-dims=\"1\"><img decoding=\"async\" src=\"https:\/\/i2.wp.com\/agenciabrasil.ebc.com.br\/ebc.gif?w=640&#038;ssl=1\" data-recalc-dims=\"1\"><\/p>\n\n\n\n<p>A estatal espera economizar R$ 2,1 bilh\u00f5es com o fechamento de unidades. Considerando outros pontos de atendimento realizados por parceria, s\u00e3o 10 mil unidades que prestam servi\u00e7os para os Correios no Brasil. Como a empresa p\u00fablica tem a obriga\u00e7\u00e3o de cobrir todo o territ\u00f3rio nacional, o presidente da estatal, Emmanoel Rondon, destacou que o fechamento dessas ag\u00eancias ser\u00e1 realizado sem violar o princ\u00edpio da universaliza\u00e7\u00e3o do servi\u00e7o postal.<\/p>\n\n\n\n<h2 class=\"wp-block-heading\">Demiss\u00e3o Volunt\u00e1ria<\/h2>\n\n\n\n<p><strong>O plano dos Correios prev\u00ea ainda cortes de despesas da ordem de R$ 5 bilh\u00f5es at\u00e9 2028, com venda de im\u00f3veis e dois planos de demiss\u00e3o volunt\u00e1ria (PDVs) previstos para reduzir o n\u00famero de funcion\u00e1rios em 15 mil at\u00e9 2027. \u00a0<\/strong><\/p>\n\n\n\n<p>O plano de reestrutura\u00e7\u00e3o era esperado devido aos sucessivos resultados negativos que a estatal vem acumulando desde 2022, com um d\u00e9ficit estrutural de R$ 4 bilh\u00f5es anuais \u201cpor causa do cumprimento da regra de universaliza\u00e7\u00e3o\u201d, segundo justificou o presidente Rondon.&nbsp;<\/p>\n\n\n\n<p><strong>Neste 2025, a estatal registra um saldo negativo de R$ 6 bilh\u00f5es nos nove primeiros meses do ano e est\u00e1 com um patrim\u00f4nio l\u00edquido negativo de R$ 10,4 bilh\u00f5es.&nbsp;<\/strong><\/p>\n\n\n\n<h2 class=\"wp-block-heading\">Empr\u00e9stimo e abertura de capital&nbsp;<\/h2>\n\n\n\n<p><strong>A companhia informou ainda que&nbsp;<a href=\"https:\/\/agenciabrasil.ebc.com.br\/economia\/noticia\/2025-12\/dou-publica-extrato-de-emprestimo-de-r-12-bilhoes-para-os-correios\" target=\"_blank\" rel=\"noreferrer noopener\">tomou um empr\u00e9stimo de R$ 12 bilh\u00f5es<\/a>&nbsp;com bancos para refor\u00e7ar o caixa da companhia, assinado na \u00faltima sexta-feira (26). Por\u00e9m, a dire\u00e7\u00e3o dos Correios ainda trabalha para encontrar outros R$ 8 bilh\u00f5es necess\u00e1rios para equilibrar as contas em 2026.<\/strong><\/p>\n\n\n\n<p><strong>A estatal estuda ainda, a partir de 2027, uma mudan\u00e7a societ\u00e1ria nos Correios. Atualmente, a companhia \u00e9 100% p\u00fablica, mas avalia a possibilidade de abrir seu capital transformando-a, por exemplo, em uma companhia de economia mista, como \u00e9 hoje a Petrobras e o Banco do Brasil.&nbsp;<\/strong><\/p>\n\n\n\n<h2 class=\"wp-block-heading\">Corte de pessoal e benef\u00edcios<\/h2>\n\n\n\n<p>O plano apresentado pelos Correios prev\u00ea medidas para serem implementadas entre 2026 e 2027, incluindo os PDVs, sendo um no pr\u00f3ximo ano e outro em 2027.&nbsp;<\/p>\n\n\n\n<p>Outros alvos da dire\u00e7\u00e3o dos Correios s\u00e3o os planos de sa\u00fade e de previd\u00eancia dos servidores, que devem ter cortes nos aportes feitos pela estatal.<\/p>\n\n\n\n<p><strong>Com as demiss\u00f5es volunt\u00e1rias e os cortes de benef\u00edcios, os Correios esperam reduzir as despesas com pessoal em R$ 2,1 bilh\u00f5es anuais.<\/strong>\u00a0Al\u00e9m disso, o plano estima vender im\u00f3veis da companhia para gerar R$ 1,5 bilh\u00e3o em receita.<\/p>\n\n\n\n<h2 class=\"wp-block-heading\">Crise no setor postal<\/h2>\n\n\n\n<p>Os Correios enfrentam uma crise financeira que, segundo a dire\u00e7\u00e3o da companhia, vem desde 2016, motivada pelas mudan\u00e7as no mercado postal em raz\u00e3o da digitaliza\u00e7\u00e3o das comunica\u00e7\u00f5es, que substituiu as cartas, reduzindo a principal fonte de receita.<\/p>\n\n\n\n<p>A estatal tamb\u00e9m atribui dificuldades financeiras a entrada de novos competidores no com\u00e9rcio eletr\u00f4nico como um dos motivos da atual crise do setor.<\/p>\n\n\n\n<p>\u201c\u00c9 uma din\u00e2mica de mercado que aconteceu no mundo inteiro e algumas empresas de correios conseguiram se adaptar. V\u00e1rias dessas empresas ainda registram preju\u00edzos. Um exemplo \u00e9 a empresa americana de correios que est\u00e1 reportando preju\u00edzo da ordem de US$ 9 bilh\u00f5es\u201d, comparou Emmanoel.<\/p>\n\n\n\n<p>O presidente da estatal brasileira se referiu a empresa p\u00fablica dos Estados Unidos (EUA) United States Postal Service (USPS), que tamb\u00e9m anunciou recentemente medidas para enfrentar os d\u00e9ficits financeiros.\u00a0<\/p>\n\n\n\n<p>Da Ag\u00eancia Brasil<\/p>\n\n\n\n<blockquote class=\"wp-block-quote\">\n<p><\/p>\n<\/blockquote>\n\n\n\n<blockquote class=\"wp-block-quote\">\n<p><\/p>\n<\/blockquote>\n","protected":false},"excerpt":{"rendered":"<p>Com o objetivo de reduzir os d\u00e9ficits registrados desde 2022, os Correios divulgaram nesta segunda-feira<\/p>\n","protected":false},"author":1,"featured_media":13461,"comment_status":"closed","ping_status":"open","sticky":false,"template":"","format":"standard","meta":{"spay_email":"","footnotes":"","jetpack_publicize_message":""},"categories":[9],"tags":[],"jetpack_featured_media_url":"https:\/\/i1.wp.com\/jornaldeitaipava.com.br\/wp-content\/uploads\/2021\/04\/correios-1.jpg?fit=1135%2C571&ssl=1","jetpack_publicize_connections":[],"jetpack_sharing_enabled":true,"jetpack_likes_enabled":true,"jetpack-related-posts":[],"_links":{"self":[{"href":"https:\/\/jornaldeitaipava.com.br\/index.php\/wp-json\/wp\/v2\/posts\/49405"}],"collection":[{"href":"https:\/\/jornaldeitaipava.com.br\/index.php\/wp-json\/wp\/v2\/posts"}],"about":[{"href":"https:\/\/jornaldeitaipava.com.br\/index.php\/wp-json\/wp\/v2\/types\/post"}],"author":[{"embeddable":true,"href":"https:\/\/jornaldeitaipava.com.br\/index.php\/wp-json\/wp\/v2\/users\/1"}],"replies":[{"embeddable":true,"href":"https:\/\/jornaldeitaipava.com.br\/index.php\/wp-json\/wp\/v2\/comments?post=49405"}],"version-history":[{"count":1,"href":"https:\/\/jornaldeitaipava.com.br\/index.php\/wp-json\/wp\/v2\/posts\/49405\/revisions"}],"predecessor-version":[{"id":49406,"href":"https:\/\/jornaldeitaipava.com.br\/index.php\/wp-json\/wp\/v2\/posts\/49405\/revisions\/49406"}],"wp:featuredmedia":[{"embeddable":true,"href":"https:\/\/jornaldeitaipava.com.br\/index.php\/wp-json\/wp\/v2\/media\/13461"}],"wp:attachment":[{"href":"https:\/\/jornaldeitaipava.com.br\/index.php\/wp-json\/wp\/v2\/media?parent=49405"}],"wp:term":[{"taxonomy":"category","embeddable":true,"href":"https:\/\/jornaldeitaipava.com.br\/index.php\/wp-json\/wp\/v2\/categories?post=49405"},{"taxonomy":"post_tag","embeddable":true,"href":"https:\/\/jornaldeitaipava.com.br\/index.php\/wp-json\/wp\/v2\/tags?post=49405"}],"curies":[{"name":"wp","href":"https:\/\/api.w.org\/{rel}","templated":true}]}}