{"id":49407,"date":"2025-12-30T11:20:10","date_gmt":"2025-12-30T14:20:10","guid":{"rendered":"http:\/\/jornaldeitaipava.com.br\/?p=49407"},"modified":"2025-12-30T11:20:14","modified_gmt":"2025-12-30T14:20:14","slug":"natal-imperial-ultimos-dias-com-atracoes-musicais-gratuitas-no-palacio-de-cristal","status":"publish","type":"post","link":"https:\/\/jornaldeitaipava.com.br\/index.php\/2025\/12\/30\/natal-imperial-ultimos-dias-com-atracoes-musicais-gratuitas-no-palacio-de-cristal\/","title":{"rendered":"Natal Imperial: \u00faltimos dias com atra\u00e7\u00f5es musicais gratuitas no Pal\u00e1cio de Cristal"},"content":{"rendered":"\n<p class=\"has-text-align-center\"><strong>Programa\u00e7\u00e3o vai at\u00e9 domingo, dia 04 de janeiro<\/strong><\/p>\n\n\n\n<p>Os \u00faltimos dias do Natal Imperial v\u00e3o contar com apresenta\u00e7\u00f5es musicais gratuitas para todos os p\u00fablicos no Pal\u00e1cio de Cristal, que est\u00e1 decorado e iluminado, al\u00e9m de oferecer experi\u00eancias gastron\u00f4micas para os visitantes. At\u00e9 domingo, dia 4 de janeiro, o evento segue com muita cultura e valoriza\u00e7\u00e3o de artistas locais.<\/p>\n\n\n\n<p>\u201cO Natal Imperial mostrou mais uma vez a for\u00e7a da cultura em Petr\u00f3polis. Tivemos grandes artistas, como Toni Garrido e Fam\u00edlia Lima, ao lado de talentos da nossa cidade, sempre com uma programa\u00e7\u00e3o gratuita, pensada para as fam\u00edlias e para ocupar nossos espa\u00e7os hist\u00f3ricos com arte e alegria\u201d, destacou o prefeito Hingo Hammes.<\/p>\n\n\n\n<p>O presidente do Instituto Municipal de Cultura (IMC), Adenilson Honorato, ressalta que a diversidade da programa\u00e7\u00e3o \u00e9 o diferencial do evento. \u201cConstru\u00edmos um Natal Imperial plural, que dialoga com diferentes p\u00fablicos e estilos musicais. Essa programa\u00e7\u00e3o final mant\u00e9m esse esp\u00edrito, valorizando m\u00fasicos e grupos que fazem parte da cena cultural da cidade e garantindo que todos possam participar, sem custo algum\u201d, afirmou.<\/p>\n\n\n\n<p>O Natal Imperial, assim como as outras festividades de 2025, est\u00e1 acontecendo por meio da capta\u00e7\u00e3o de investimentos atrav\u00e9s de leis de incentivo. O evento \u00e9 realizado pelo Minist\u00e9rio da Cultura, Secretaria de Estado de Turismo do Rio de Janeiro, com patroc\u00ednio de \u00c1guas do Imperador, Elovias, Zeiss, Alldub e apoio da Prefeitura de Petr\u00f3polis.<\/p>\n\n\n\n<p><em>Programa\u00e7\u00e3o \u2013 30 de dezembro a 04 de janeiro:<\/em><\/p>\n\n\n\n<p><em>30\/12 \u2013 ter\u00e7a-feira<\/em><br>Pal\u00e1cio de Cristal<br>18h \u2013 Julio Mallaguthi<br>19h30 \u2013 Banda do 26\u00ba BPM<\/p>\n\n\n\n<p><em>31\/12 \u2013 quarta-feira<\/em><br>Pal\u00e1cio de Cristal<br>16h \u2013 Cinquentons<br>18h \u2013 Vit\u00f3ria Gabriele<\/p>\n\n\n\n<p><em>01\/01 \u2013 quinta-feira<\/em><br>Pal\u00e1cio de Cristal<br>18h30 \u2013 Banda Arcade<br>20h \u2013 Forma Certa<\/p>\n\n\n\n<p><em>02\/01 \u2013 sexta-feira<\/em><br>Pal\u00e1cio de Cristal<br>17h \u00e0s 20h \u2013 Conta\u00e7\u00e3o de hist\u00f3rias<br>17h \u2013 Coral S\u00e3o Charbel<br>18h30 \u2013 Rosalu<br>20h \u2013 Banda Versus<\/p>\n\n\n\n<p><em>03\/01 \u2013 s\u00e1bado<\/em><br>Pal\u00e1cio de Cristal<br>14h \u2013 Coral e Orquestra Suzuki<br>17h \u2013 Conta\u00e7\u00e3o de hist\u00f3rias<br>18h \u2013 C\u00e1tia Valoz<br>19h30 \u2013 Banda Jelly Bean<br>21h \u2013 Jeferson Santos<\/p>\n\n\n\n<p><em>04\/01 \u2013 domingo<\/em><br>Pal\u00e1cio de Cristal<br>14h \u2013 Coral e Orquestra Suzuki<br>14h30 \u2013 Beth F\u00e1varo<br>17h \u00e0s 20h \u2013 Conta\u00e7\u00e3o de hist\u00f3rias<br>18h \u2013 Magnatas<br>20h \u2013 Gabriel Silva<\/p>\n","protected":false},"excerpt":{"rendered":"<p>Programa\u00e7\u00e3o vai at\u00e9 domingo, dia 04 de janeiro Os \u00faltimos dias do Natal Imperial v\u00e3o<\/p>\n","protected":false},"author":1,"featured_media":49408,"comment_status":"closed","ping_status":"open","sticky":false,"template":"","format":"standard","meta":{"spay_email":"","footnotes":"","jetpack_publicize_message":""},"categories":[42],"tags":[],"jetpack_featured_media_url":"https:\/\/i0.wp.com\/jornaldeitaipava.com.br\/wp-content\/uploads\/2025\/12\/WhatsApp-Image-2025-12-08-at-15.07.10-1.jpeg?fit=1600%2C900&ssl=1","jetpack_publicize_connections":[],"jetpack_sharing_enabled":true,"jetpack_likes_enabled":true,"jetpack-related-posts":[],"_links":{"self":[{"href":"https:\/\/jornaldeitaipava.com.br\/index.php\/wp-json\/wp\/v2\/posts\/49407"}],"collection":[{"href":"https:\/\/jornaldeitaipava.com.br\/index.php\/wp-json\/wp\/v2\/posts"}],"about":[{"href":"https:\/\/jornaldeitaipava.com.br\/index.php\/wp-json\/wp\/v2\/types\/post"}],"author":[{"embeddable":true,"href":"https:\/\/jornaldeitaipava.com.br\/index.php\/wp-json\/wp\/v2\/users\/1"}],"replies":[{"embeddable":true,"href":"https:\/\/jornaldeitaipava.com.br\/index.php\/wp-json\/wp\/v2\/comments?post=49407"}],"version-history":[{"count":1,"href":"https:\/\/jornaldeitaipava.com.br\/index.php\/wp-json\/wp\/v2\/posts\/49407\/revisions"}],"predecessor-version":[{"id":49409,"href":"https:\/\/jornaldeitaipava.com.br\/index.php\/wp-json\/wp\/v2\/posts\/49407\/revisions\/49409"}],"wp:featuredmedia":[{"embeddable":true,"href":"https:\/\/jornaldeitaipava.com.br\/index.php\/wp-json\/wp\/v2\/media\/49408"}],"wp:attachment":[{"href":"https:\/\/jornaldeitaipava.com.br\/index.php\/wp-json\/wp\/v2\/media?parent=49407"}],"wp:term":[{"taxonomy":"category","embeddable":true,"href":"https:\/\/jornaldeitaipava.com.br\/index.php\/wp-json\/wp\/v2\/categories?post=49407"},{"taxonomy":"post_tag","embeddable":true,"href":"https:\/\/jornaldeitaipava.com.br\/index.php\/wp-json\/wp\/v2\/tags?post=49407"}],"curies":[{"name":"wp","href":"https:\/\/api.w.org\/{rel}","templated":true}]}}