{"id":49411,"date":"2026-01-03T11:44:51","date_gmt":"2026-01-03T14:44:51","guid":{"rendered":"https:\/\/jornaldeitaipava.com.br\/?p=49411"},"modified":"2026-01-03T11:44:56","modified_gmt":"2026-01-03T14:44:56","slug":"governo-brasileiro-condena-ataque-dos-eua-a-venezuela-e-cobra-resposta-da-onu","status":"publish","type":"post","link":"https:\/\/jornaldeitaipava.com.br\/index.php\/2026\/01\/03\/governo-brasileiro-condena-ataque-dos-eua-a-venezuela-e-cobra-resposta-da-onu\/","title":{"rendered":"Governo brasileiro condena ataque dos EUA \u00e0 Venezuela e cobra resposta da ONU"},"content":{"rendered":"\n<p>O presidente Luiz In\u00e1cio Lula da Silva se pronunciou na manh\u00e3 deste s\u00e1bado sobre os ataques dos Estados Unidos \u00e8 Venezuela e a captura do presidente venezuelano Nicol\u00e1s Maduro e sua esposa, Cilia Flores. Lula condenou a a\u00e7\u00e3o militar e cobrou uma resposta vigorosa da Organiza\u00e7\u00e3o das Na\u00e7\u00f5es Unidas (ONU).<br>&#8220;Os bombardeios em territ\u00f3rio venezuelano e a captura do seu presidente ultrapassam uma linha inaceit\u00e1vel. Esses atos representam uma afronta grav\u00edssima \u00e0 soberania da Venezuela e mais um precedente extremamente perigoso para toda a comunidade internacional. Atacar pa\u00edses, em flagrante viola\u00e7\u00e3o do direito internacional, \u00e9 o primeiro passo para um mundo de viol\u00eancia, caos e instabilidade, onde a lei do mais forte prevalece sobre o multilateralismo&#8221;, disse Lula, por meio das redes sociais.<br>&#8220;A condena\u00e7\u00e3o ao uso da for\u00e7a \u00e9 consistente com a posi\u00e7\u00e3o que o Brasil sempre tem adotado em situa\u00e7\u00f5es recentes em outros pa\u00edses e regi\u00f5es. A a\u00e7\u00e3o lembra os piores momentos da interfer\u00eancia na pol\u00edtica da Am\u00e9rica Latina e do Caribe e amea\u00e7a a preserva\u00e7\u00e3o da regi\u00e3o como zona de paz. A comunidade internacional, por meio da Organiza\u00e7\u00e3o das Na\u00e7\u00f5es Unidas, precisa responder de forma vigorosa a esse epis\u00f3dio. O Brasil condena essas a\u00e7\u00f5es e segue \u00e0 disposi\u00e7\u00e3o para promover a via do di\u00e1logo e da coopera\u00e7\u00e3o.&#8221;<\/p>\n","protected":false},"excerpt":{"rendered":"<p>O presidente Luiz In\u00e1cio Lula da Silva se pronunciou na manh\u00e3 deste s\u00e1bado sobre os<\/p>\n","protected":false},"author":1,"featured_media":49412,"comment_status":"closed","ping_status":"open","sticky":false,"template":"","format":"standard","meta":{"spay_email":"","footnotes":"","jetpack_publicize_message":""},"categories":[24],"tags":[],"jetpack_featured_media_url":"https:\/\/i0.wp.com\/jornaldeitaipava.com.br\/wp-content\/uploads\/2026\/01\/Sem-titulo.png?fit=598%2C352&ssl=1","jetpack_publicize_connections":[],"jetpack_sharing_enabled":true,"jetpack_likes_enabled":true,"jetpack-related-posts":[],"_links":{"self":[{"href":"https:\/\/jornaldeitaipava.com.br\/index.php\/wp-json\/wp\/v2\/posts\/49411"}],"collection":[{"href":"https:\/\/jornaldeitaipava.com.br\/index.php\/wp-json\/wp\/v2\/posts"}],"about":[{"href":"https:\/\/jornaldeitaipava.com.br\/index.php\/wp-json\/wp\/v2\/types\/post"}],"author":[{"embeddable":true,"href":"https:\/\/jornaldeitaipava.com.br\/index.php\/wp-json\/wp\/v2\/users\/1"}],"replies":[{"embeddable":true,"href":"https:\/\/jornaldeitaipava.com.br\/index.php\/wp-json\/wp\/v2\/comments?post=49411"}],"version-history":[{"count":1,"href":"https:\/\/jornaldeitaipava.com.br\/index.php\/wp-json\/wp\/v2\/posts\/49411\/revisions"}],"predecessor-version":[{"id":49413,"href":"https:\/\/jornaldeitaipava.com.br\/index.php\/wp-json\/wp\/v2\/posts\/49411\/revisions\/49413"}],"wp:featuredmedia":[{"embeddable":true,"href":"https:\/\/jornaldeitaipava.com.br\/index.php\/wp-json\/wp\/v2\/media\/49412"}],"wp:attachment":[{"href":"https:\/\/jornaldeitaipava.com.br\/index.php\/wp-json\/wp\/v2\/media?parent=49411"}],"wp:term":[{"taxonomy":"category","embeddable":true,"href":"https:\/\/jornaldeitaipava.com.br\/index.php\/wp-json\/wp\/v2\/categories?post=49411"},{"taxonomy":"post_tag","embeddable":true,"href":"https:\/\/jornaldeitaipava.com.br\/index.php\/wp-json\/wp\/v2\/tags?post=49411"}],"curies":[{"name":"wp","href":"https:\/\/api.w.org\/{rel}","templated":true}]}}