{"id":49418,"date":"2026-01-03T11:50:25","date_gmt":"2026-01-03T14:50:25","guid":{"rendered":"https:\/\/jornaldeitaipava.com.br\/?p=49418"},"modified":"2026-01-03T11:50:36","modified_gmt":"2026-01-03T14:50:36","slug":"rio-tem-novo-alerta-de-ressaca-neste-fim-de-semana","status":"publish","type":"post","link":"https:\/\/jornaldeitaipava.com.br\/index.php\/2026\/01\/03\/rio-tem-novo-alerta-de-ressaca-neste-fim-de-semana\/","title":{"rendered":"Rio tem novo alerta de ressaca neste fim de semana"},"content":{"rendered":"\n<p>CRISTINA \u00cdNDIO DO BRASIL &#8211; REP\u00d3RTER DA AG\u00caNCIA BRASIL<\/p>\n\n\n\n<p>Uma nova ressaca est\u00e1 para chegar \u00e0s praias do Rio. Nessa, a partir das 15h deste s\u00e1bado (3), com previs\u00e3o de t\u00e9rmino \u00e0s 6h de segunda-feira (5), as ondas podem variar entre 2,5 m e 3 m. O alerta feito pelo Centro de Opera\u00e7\u00f5es e Resili\u00eancia da Prefeitura do Rio (COR-Rio) \u00e9 com base no Aviso de Ressaca para a Orla da Cidade emitido pela Marinha do Brasil.<br>Essa ser\u00e1 a segunda em poucos dias. Na outra, que come\u00e7ou \u00e0s 12h da quarta-feira (31) e terminou \u00e0s 6h de ontem (1\u00b0) , as ondas atingiram 2,5 metros de altura e tiveram grande impacto. O Corpo de Bombeiros realizou 1.167 salvamentos entre 7h da quarta-feira (31) e 19h de ontem (1\u00ba) em praias do Rio.<br>O porta-voz do Corpo de Bombeiros, tenente-coronel F\u00e1bio Contreiras, disse que n\u00e3o h\u00e1 necessidade de montar um esquema especial para este per\u00edodo mesmo com o n\u00famero grande de visitantes e de moradores frequentando as praias. Conforme explicou, desde 19 de dezembro de 2025, a corpora\u00e7\u00e3o est\u00e1 operando com mais agentes na Opera\u00e7\u00e3o Ver\u00e3o.<br>\u201cS\u00e3o mais 5400 servi\u00e7os de guarda-vidas neste ver\u00e3o como um todo. A gente j\u00e1 est\u00e1 com a praia refor\u00e7ada\u201d, afirmou \u00e0 Ag\u00eancia Brasil.<br>O fato de ter nova ressaca, segundo o tenente-coronel, \u00e9 motivo tamb\u00e9m de alerta em outros pontos fora das praias como o muro dos pescadores, no Leme; Pedra do Arpoador; e Mirante do Leblon, que s\u00e3o isolados com fitas zebradas.<br>\u201cQuando tem aviso de ressaca os nossos guarda-vidas fazem trabalho de isolamento e sinaliza\u00e7\u00e3o justamente para as pessoas n\u00e3o se aproximarem desses locais onde h\u00e1 risco de queda\u201d, contou.<br>O COR-Rio refor\u00e7ou as orienta\u00e7\u00f5es para que a popula\u00e7\u00e3o tenha mais seguran\u00e7a. N\u00e3o s\u00e3o recomendados o banho de mar e a pr\u00e1tica de esportes aqu\u00e1ticos em \u00e1reas com condi\u00e7\u00f5es de ressaca. Durante o per\u00edodo do aviso, as pessoas t\u00eam que evitar a perman\u00eancia em mirantes na orla ou em locais pr\u00f3ximos ao mar, assim como os pescadores n\u00e3o devem navegar enquanto a ressaca estiver ativa. O uso de bicicletas nas ciclovias tamb\u00e9m n\u00e3o \u00e9 recomend\u00e1vel, principalmente porque as ondas podem ultrapassar os cal\u00e7ad\u00f5es.<br>A orienta\u00e7\u00e3o do COR-Rio para casos de acidentes no mar \u00e9 n\u00e3o tentar resgatar as v\u00edtimas por conta pr\u00f3pria. O certo \u00e9 acionar imediatamente o Corpo de Bombeiros pelo telefone 193 ou os guarda-vidas do local<\/p>\n\n\n\n<p><strong>Previs\u00e3o<br><\/strong>O Sistema Alerta Rio indicou que neste s\u00e1bado (3) o clima ser\u00e1 influenciado por \u00e1reas de instabilidade em conjunto com a passagem de uma frente fria no oceano.<br>\u201cHaver\u00e1 predom\u00ednio de c\u00e9u nublado e previs\u00e3o de chuva fraca isolada na madrugada e pancadas de chuva isoladas a partir da tarde, podendo vir com raios\u201d, informou, completando que os ventos estar\u00e3o fracos a moderados.<br>No domingo (4), a previs\u00e3o \u00e9 de predom\u00ednio de c\u00e9u nublado com pancadas de chuva a qualquer momento do dia. Os ventos estar\u00e3o moderados e as temperaturas em decl\u00ednio. J\u00e1 a segunda (5) e a ter\u00e7a-feira (6), ser\u00e3o dias com nebulosidade variada, predom\u00ednio de c\u00e9u nublado e previs\u00e3o de chuva fraca a qualquer momento, sendo ocasionalmente moderada na segunda. Os ventos estar\u00e3o moderados.<\/p>\n","protected":false},"excerpt":{"rendered":"<p>CRISTINA \u00cdNDIO DO BRASIL &#8211; REP\u00d3RTER DA AG\u00caNCIA BRASIL Uma nova ressaca est\u00e1 para chegar<\/p>\n","protected":false},"author":1,"featured_media":38820,"comment_status":"closed","ping_status":"open","sticky":false,"template":"","format":"standard","meta":{"spay_email":"","footnotes":"","jetpack_publicize_message":""},"categories":[2],"tags":[],"jetpack_featured_media_url":"https:\/\/i0.wp.com\/jornaldeitaipava.com.br\/wp-content\/uploads\/2024\/03\/praia-rio-agencia-brasil.png?fit=903%2C513&ssl=1","jetpack_publicize_connections":[],"jetpack_sharing_enabled":true,"jetpack_likes_enabled":true,"jetpack-related-posts":[],"_links":{"self":[{"href":"https:\/\/jornaldeitaipava.com.br\/index.php\/wp-json\/wp\/v2\/posts\/49418"}],"collection":[{"href":"https:\/\/jornaldeitaipava.com.br\/index.php\/wp-json\/wp\/v2\/posts"}],"about":[{"href":"https:\/\/jornaldeitaipava.com.br\/index.php\/wp-json\/wp\/v2\/types\/post"}],"author":[{"embeddable":true,"href":"https:\/\/jornaldeitaipava.com.br\/index.php\/wp-json\/wp\/v2\/users\/1"}],"replies":[{"embeddable":true,"href":"https:\/\/jornaldeitaipava.com.br\/index.php\/wp-json\/wp\/v2\/comments?post=49418"}],"version-history":[{"count":1,"href":"https:\/\/jornaldeitaipava.com.br\/index.php\/wp-json\/wp\/v2\/posts\/49418\/revisions"}],"predecessor-version":[{"id":49419,"href":"https:\/\/jornaldeitaipava.com.br\/index.php\/wp-json\/wp\/v2\/posts\/49418\/revisions\/49419"}],"wp:featuredmedia":[{"embeddable":true,"href":"https:\/\/jornaldeitaipava.com.br\/index.php\/wp-json\/wp\/v2\/media\/38820"}],"wp:attachment":[{"href":"https:\/\/jornaldeitaipava.com.br\/index.php\/wp-json\/wp\/v2\/media?parent=49418"}],"wp:term":[{"taxonomy":"category","embeddable":true,"href":"https:\/\/jornaldeitaipava.com.br\/index.php\/wp-json\/wp\/v2\/categories?post=49418"},{"taxonomy":"post_tag","embeddable":true,"href":"https:\/\/jornaldeitaipava.com.br\/index.php\/wp-json\/wp\/v2\/tags?post=49418"}],"curies":[{"name":"wp","href":"https:\/\/api.w.org\/{rel}","templated":true}]}}