{"id":49420,"date":"2026-01-03T11:51:30","date_gmt":"2026-01-03T14:51:30","guid":{"rendered":"https:\/\/jornaldeitaipava.com.br\/?p=49420"},"modified":"2026-01-03T11:51:39","modified_gmt":"2026-01-03T14:51:39","slug":"caged-petropolis-registra-aumento-de-empregos-formais-em-novembro","status":"publish","type":"post","link":"https:\/\/jornaldeitaipava.com.br\/index.php\/2026\/01\/03\/caged-petropolis-registra-aumento-de-empregos-formais-em-novembro\/","title":{"rendered":"Caged: Petr\u00f3polis registra aumento de empregos formais em novembro"},"content":{"rendered":"\n<p>Cidade fecha o m\u00eas com saldo de 320 postos de trabalho e mant\u00e9m resultado anual em crescimento, com 1.190 novos empregos<\/p>\n\n\n\n<p>Petr\u00f3polis fechou o m\u00eas de novembro com saldo positivo na gera\u00e7\u00e3o de empregos formais. De acordo com dados do Cadastro Geral de Empregados e Desempregados (Caged) do Minist\u00e9rio do Trabalho e Emprego, foram 320 postos com carteira assinada. No per\u00edodo, foram contabilizadas 2.293 admiss\u00f5es e 1.973 desligamentos no munic\u00edpio.<\/p>\n\n\n\n<p>Com esse resultado, Petr\u00f3polis atingiu a marca de 70.916 pessoas empregadas com carteira assinada. O levantamento indica continuidade de cria\u00e7\u00e3o de vagas ao longo do ano. \u201cOs n\u00fameros confirmam avan\u00e7o na gera\u00e7\u00e3o de trabalho. Seguimos apoiando iniciativas que sustentem esse movimento e ampliem resultados para a popula\u00e7\u00e3o\u201d, afirmou o prefeito Hingo Hammes.<\/p>\n\n\n\n<p>Em 2025, o acumulado apresenta saldo de 1.190 oportunidades formais geradas no munic\u00edpio. O desempenho mensal refor\u00e7a a manuten\u00e7\u00e3o de ritmo consistente no mercado local. \u201cO desempenho confirma avan\u00e7o consistente. Continuamos atuando para apoiar empresas, atrair novos empreendimentos e fortalecer a economia local\u201d, destacou o secret\u00e1rio de Desenvolvimento Econ\u00f4mico, Samir El Ghaoui.<\/p>\n\n\n\n<p>Os setores que mais contribu\u00edram para o desempenho positivo de novembro foram com\u00e9rcio, com saldo de 248 vagas, e o de servi\u00e7os, com 89 postos.<\/p>\n","protected":false},"excerpt":{"rendered":"<p>Cidade fecha o m\u00eas com saldo de 320 postos de trabalho e mant\u00e9m resultado anual<\/p>\n","protected":false},"author":1,"featured_media":36848,"comment_status":"closed","ping_status":"open","sticky":false,"template":"","format":"standard","meta":{"spay_email":"","footnotes":"","jetpack_publicize_message":""},"categories":[2],"tags":[],"jetpack_featured_media_url":"https:\/\/i0.wp.com\/jornaldeitaipava.com.br\/wp-content\/uploads\/2023\/10\/carteira-trabalho-agencia-brasil.jpeg?fit=768%2C459&ssl=1","jetpack_publicize_connections":[],"jetpack_sharing_enabled":true,"jetpack_likes_enabled":true,"jetpack-related-posts":[],"_links":{"self":[{"href":"https:\/\/jornaldeitaipava.com.br\/index.php\/wp-json\/wp\/v2\/posts\/49420"}],"collection":[{"href":"https:\/\/jornaldeitaipava.com.br\/index.php\/wp-json\/wp\/v2\/posts"}],"about":[{"href":"https:\/\/jornaldeitaipava.com.br\/index.php\/wp-json\/wp\/v2\/types\/post"}],"author":[{"embeddable":true,"href":"https:\/\/jornaldeitaipava.com.br\/index.php\/wp-json\/wp\/v2\/users\/1"}],"replies":[{"embeddable":true,"href":"https:\/\/jornaldeitaipava.com.br\/index.php\/wp-json\/wp\/v2\/comments?post=49420"}],"version-history":[{"count":1,"href":"https:\/\/jornaldeitaipava.com.br\/index.php\/wp-json\/wp\/v2\/posts\/49420\/revisions"}],"predecessor-version":[{"id":49421,"href":"https:\/\/jornaldeitaipava.com.br\/index.php\/wp-json\/wp\/v2\/posts\/49420\/revisions\/49421"}],"wp:featuredmedia":[{"embeddable":true,"href":"https:\/\/jornaldeitaipava.com.br\/index.php\/wp-json\/wp\/v2\/media\/36848"}],"wp:attachment":[{"href":"https:\/\/jornaldeitaipava.com.br\/index.php\/wp-json\/wp\/v2\/media?parent=49420"}],"wp:term":[{"taxonomy":"category","embeddable":true,"href":"https:\/\/jornaldeitaipava.com.br\/index.php\/wp-json\/wp\/v2\/categories?post=49420"},{"taxonomy":"post_tag","embeddable":true,"href":"https:\/\/jornaldeitaipava.com.br\/index.php\/wp-json\/wp\/v2\/tags?post=49420"}],"curies":[{"name":"wp","href":"https:\/\/api.w.org\/{rel}","templated":true}]}}