{"id":49658,"date":"2026-01-19T16:10:45","date_gmt":"2026-01-19T19:10:45","guid":{"rendered":"https:\/\/jornaldeitaipava.com.br\/?p=49658"},"modified":"2026-01-19T16:10:49","modified_gmt":"2026-01-19T19:10:49","slug":"aulas-do-programa-agita-petropolis-retornam-nesta-segunda-feira","status":"publish","type":"post","link":"https:\/\/jornaldeitaipava.com.br\/index.php\/2026\/01\/19\/aulas-do-programa-agita-petropolis-retornam-nesta-segunda-feira\/","title":{"rendered":"Aulas do Programa Agita Petr\u00f3polis retornam nesta segunda-feira"},"content":{"rendered":"\n<p>As atividades do programa Agita Petr\u00f3polis voltaram na manh\u00e3 desta segunda-feira (19\/01), com aula de dan\u00e7a realizada na sede da Secretaria de Esporte, no Centro. A partir dessa semana, as outras atividades tamb\u00e9m retornam.<\/p>\n\n\n\n<p>\u201cO Agita \u00e9 um programa que promove al\u00e9m da atividade f\u00edsica, promove tamb\u00e9m sa\u00fade e bem-estar de forma gratuita para todos os moradores. E esse ano temos uma novidade, a inclus\u00e3o da capoeira para garantir ainda mais o acesso \u00e0s atividades\u201d, disse o prefeito Hingo Hammes.<\/p>\n\n\n\n<p>Durante o ano de 2025, o Programa atendeu mais de duas mil pessoas, de crian\u00e7as a idosos.<\/p>\n\n\n\n<p>\u201cEstamos trabalhando para fortalecer nossa grade de aulas buscando atender a todos. Queremos que cada vez mais o Agita Petr\u00f3polis seja sin\u00f4nimo de sa\u00fade e bem-estar\u201d, disse o secret\u00e1rio de Esportes, Leandro Kronenberger.<\/p>\n\n\n\n<p>Atualmente, o Programa Agita Petr\u00f3polis oferece aulas de core, karat\u00ea, alongamento, dan\u00e7a de sal\u00e3o, gin\u00e1stica funcional, gin\u00e1stica localizada, dan\u00e7a, defesa pessoal, mobilidade, taekwondo, jiu-jitsu, ritmos e 60+. As atividades est\u00e3o distribu\u00eddas em 11 n\u00facleos: Secretaria de Esportes (Centro \u2013 Rua 16 de Mar\u00e7o), Caxambu, Vila S\u00e3o Jos\u00e9, F\u00e1brica do Saber, Mosela, Centro de Cultura Raul de Leoni (Centro \u2013 Pra\u00e7a Visconde de Mau\u00e1), Madame Machado, Pedro do Rio, Vicenzo Rivetti, Itamarati e Posse.<\/p>\n\n\n\n<p>As inscri\u00e7\u00f5es j\u00e1 est\u00e3o abertas e as vagas s\u00e3o limitadas. Os interessados podem se inscrever presencialmente na Rua 16 de Mar\u00e7o, 183 \u2013 2\u00ba andar &#8211; Centro, das 9h \u00e0s 17h e tirar d\u00favidas por meio do telefone (24) 2249-6803.<\/p>\n","protected":false},"excerpt":{"rendered":"<p>As atividades do programa Agita Petr\u00f3polis voltaram na manh\u00e3 desta segunda-feira (19\/01), com aula de<\/p>\n","protected":false},"author":1,"featured_media":49659,"comment_status":"closed","ping_status":"open","sticky":false,"template":"","format":"standard","meta":{"spay_email":"","footnotes":"","jetpack_publicize_message":""},"categories":[9],"tags":[],"jetpack_featured_media_url":"https:\/\/i1.wp.com\/jornaldeitaipava.com.br\/wp-content\/uploads\/2026\/01\/WhatsApp-Image-2026-01-19-at-16.01.57.jpeg?fit=1600%2C1066&ssl=1","jetpack_publicize_connections":[],"jetpack_sharing_enabled":true,"jetpack_likes_enabled":true,"jetpack-related-posts":[],"_links":{"self":[{"href":"https:\/\/jornaldeitaipava.com.br\/index.php\/wp-json\/wp\/v2\/posts\/49658"}],"collection":[{"href":"https:\/\/jornaldeitaipava.com.br\/index.php\/wp-json\/wp\/v2\/posts"}],"about":[{"href":"https:\/\/jornaldeitaipava.com.br\/index.php\/wp-json\/wp\/v2\/types\/post"}],"author":[{"embeddable":true,"href":"https:\/\/jornaldeitaipava.com.br\/index.php\/wp-json\/wp\/v2\/users\/1"}],"replies":[{"embeddable":true,"href":"https:\/\/jornaldeitaipava.com.br\/index.php\/wp-json\/wp\/v2\/comments?post=49658"}],"version-history":[{"count":1,"href":"https:\/\/jornaldeitaipava.com.br\/index.php\/wp-json\/wp\/v2\/posts\/49658\/revisions"}],"predecessor-version":[{"id":49660,"href":"https:\/\/jornaldeitaipava.com.br\/index.php\/wp-json\/wp\/v2\/posts\/49658\/revisions\/49660"}],"wp:featuredmedia":[{"embeddable":true,"href":"https:\/\/jornaldeitaipava.com.br\/index.php\/wp-json\/wp\/v2\/media\/49659"}],"wp:attachment":[{"href":"https:\/\/jornaldeitaipava.com.br\/index.php\/wp-json\/wp\/v2\/media?parent=49658"}],"wp:term":[{"taxonomy":"category","embeddable":true,"href":"https:\/\/jornaldeitaipava.com.br\/index.php\/wp-json\/wp\/v2\/categories?post=49658"},{"taxonomy":"post_tag","embeddable":true,"href":"https:\/\/jornaldeitaipava.com.br\/index.php\/wp-json\/wp\/v2\/tags?post=49658"}],"curies":[{"name":"wp","href":"https:\/\/api.w.org\/{rel}","templated":true}]}}