{"id":49668,"date":"2026-01-19T16:20:48","date_gmt":"2026-01-19T19:20:48","guid":{"rendered":"https:\/\/jornaldeitaipava.com.br\/?p=49668"},"modified":"2026-01-19T16:20:51","modified_gmt":"2026-01-19T19:20:51","slug":"diogo-almeida-apresenta-volta-as-aulas-no-teatro-imperial-em-petropolis-nesta-sexta-dia-23-com-tres-sessoes","status":"publish","type":"post","link":"https:\/\/jornaldeitaipava.com.br\/index.php\/2026\/01\/19\/diogo-almeida-apresenta-volta-as-aulas-no-teatro-imperial-em-petropolis-nesta-sexta-dia-23-com-tres-sessoes\/","title":{"rendered":"Diogo Almeida apresenta \u201cVolta \u00e0s Aulas\u201d no Teatro Imperial, em Petr\u00f3polis, nesta sexta, dia 23, com tr\u00eas sess\u00f5es"},"content":{"rendered":"\n<p>O Teatro Imperial, em Petr\u00f3polis, recebe nesta sexta-feira, dia 23, o humorista Diogo Almeida com o espet\u00e1culo \u201cVolta \u00e0s Aulas\u201d, em tr\u00eas sess\u00f5es especiais, \u00e0s 16h30, 19h e 21h30. O show in\u00e9dito \u00e9 um convite para come\u00e7ar o ano rindo e transformar em gargalhadas um dos momentos mais temidos do calend\u00e1rio escolar: o fim das f\u00e9rias.<\/p>\n\n\n\n<p>No palco, Diogo retorna acompanhado da ic\u00f4nica professora Marli e de outros personagens que conquistaram o p\u00fablico ao retratar, com humor afiado e identifica\u00e7\u00e3o imediata, o universo pedag\u00f3gico. Hist\u00f3rias do cotidiano escolar, situa\u00e7\u00f5es vividas por professores, alunos e fam\u00edlias ganham vida em um espet\u00e1culo leve, divertido e cheio de improviso. A proposta \u00e9 simples e irresist\u00edvel: reunir a \u201cquadrilha pedag\u00f3gica\u201d e come\u00e7ar o ano com muito riso.<\/p>\n\n\n\n<p>Humorista, escritor e palestrante, Diogo Almeida \u00e9 conhecido nacionalmente por transformar o dia a dia da educa\u00e7\u00e3o em um espet\u00e1culo envolvente e motivador. Formado em R\u00e1dio, TV e Jornalismo, ele tamb\u00e9m atuou como professor e coordenador pedag\u00f3gico, experi\u00eancia que d\u00e1 autenticidade \u00e0s hist\u00f3rias e amplia a conex\u00e3o com o p\u00fablico. Seu humor inteligente aborda temas como prop\u00f3sito, motiva\u00e7\u00e3o, desafios profissionais e resili\u00eancia, sempre com empatia e carisma.<\/p>\n\n\n\n<p>\u201cVolta \u00e0s Aulas\u201d \u00e9 indicado para maiores de 14 anos e promete lotar o tradicional Teatro Imperial, um dos principais palcos culturais da Regi\u00e3o Serrana.<strong>Servi\u00e7o<\/strong><strong><br><\/strong><strong>Volta \u00e0s Aulas \u2013 Diogo Almeida<\/strong><strong><br><\/strong>Local:&nbsp;<strong>Teatro Imperial<\/strong>&nbsp;\u2013 Rua Marechal Deodoro, 192 \u2013 Centro, Petr\u00f3polis<br>Data:&nbsp;<strong>sexta-feira, 23<\/strong><strong><br><\/strong>Hor\u00e1rios:&nbsp;<strong>16h30, 19h e 21h30<\/strong><strong><br><\/strong>Classifica\u00e7\u00e3o:&nbsp;<strong>14 anos<\/strong><strong><br><\/strong>Ingressos:&nbsp;<strong>a partir de R$ 70, no site do&nbsp;<\/strong><a href=\"https:\/\/ingressodigital.com\/evento\/18688,18753\/diogo-almeida-volta-as-aulas-2026\" target=\"_blank\" rel=\"noreferrer noopener\"><strong>Ingresso Digital&nbsp;<\/strong><\/a><strong>ou na bilheteria do teatro<\/strong><\/p>\n","protected":false},"excerpt":{"rendered":"<p>O Teatro Imperial, em Petr\u00f3polis, recebe nesta sexta-feira, dia 23, o humorista Diogo Almeida com<\/p>\n","protected":false},"author":1,"featured_media":45457,"comment_status":"closed","ping_status":"open","sticky":false,"template":"","format":"standard","meta":{"spay_email":"","footnotes":"","jetpack_publicize_message":""},"categories":[1],"tags":[],"jetpack_featured_media_url":"https:\/\/i2.wp.com\/jornaldeitaipava.com.br\/wp-content\/uploads\/2025\/04\/TEATRO-IMPERIAL.jpg?fit=900%2C675&ssl=1","jetpack_publicize_connections":[],"jetpack_sharing_enabled":true,"jetpack_likes_enabled":true,"jetpack-related-posts":[],"_links":{"self":[{"href":"https:\/\/jornaldeitaipava.com.br\/index.php\/wp-json\/wp\/v2\/posts\/49668"}],"collection":[{"href":"https:\/\/jornaldeitaipava.com.br\/index.php\/wp-json\/wp\/v2\/posts"}],"about":[{"href":"https:\/\/jornaldeitaipava.com.br\/index.php\/wp-json\/wp\/v2\/types\/post"}],"author":[{"embeddable":true,"href":"https:\/\/jornaldeitaipava.com.br\/index.php\/wp-json\/wp\/v2\/users\/1"}],"replies":[{"embeddable":true,"href":"https:\/\/jornaldeitaipava.com.br\/index.php\/wp-json\/wp\/v2\/comments?post=49668"}],"version-history":[{"count":1,"href":"https:\/\/jornaldeitaipava.com.br\/index.php\/wp-json\/wp\/v2\/posts\/49668\/revisions"}],"predecessor-version":[{"id":49669,"href":"https:\/\/jornaldeitaipava.com.br\/index.php\/wp-json\/wp\/v2\/posts\/49668\/revisions\/49669"}],"wp:featuredmedia":[{"embeddable":true,"href":"https:\/\/jornaldeitaipava.com.br\/index.php\/wp-json\/wp\/v2\/media\/45457"}],"wp:attachment":[{"href":"https:\/\/jornaldeitaipava.com.br\/index.php\/wp-json\/wp\/v2\/media?parent=49668"}],"wp:term":[{"taxonomy":"category","embeddable":true,"href":"https:\/\/jornaldeitaipava.com.br\/index.php\/wp-json\/wp\/v2\/categories?post=49668"},{"taxonomy":"post_tag","embeddable":true,"href":"https:\/\/jornaldeitaipava.com.br\/index.php\/wp-json\/wp\/v2\/tags?post=49668"}],"curies":[{"name":"wp","href":"https:\/\/api.w.org\/{rel}","templated":true}]}}