{"id":49670,"date":"2026-01-19T16:23:36","date_gmt":"2026-01-19T19:23:36","guid":{"rendered":"https:\/\/jornaldeitaipava.com.br\/?p=49670"},"modified":"2026-01-19T16:23:40","modified_gmt":"2026-01-19T19:23:40","slug":"rio-capital-do-carnaval-inicia-fan-fest-inedito-em-copacabana-nesta-terca-feira-20","status":"publish","type":"post","link":"https:\/\/jornaldeitaipava.com.br\/index.php\/2026\/01\/19\/rio-capital-do-carnaval-inicia-fan-fest-inedito-em-copacabana-nesta-terca-feira-20\/","title":{"rendered":"RIO CAPITAL DO CARNAVAL INICIA FAN FEST IN\u00c9DITO EM COPACABANA NESTA TER\u00c7A-FEIRA (20)"},"content":{"rendered":"\n<p><strong><em>Patrocinado pela Enel Rio, evento gratuito transforma a orla em um grande palco de experi\u00eancias carnavalescas at\u00e9 fevereiro.<\/em><\/strong><\/p>\n\n\n\n<p>O projeto Rio Capital do Carnaval inaugura nesta ter\u00e7a-feira (20), feriado de S\u00e3o Sebasti\u00e3o, o aguardado Carnaval Fan Fest, que vai transformar a Praia de Copacabana em um grande palco de celebra\u00e7\u00e3o da cultura do samba. O evento acontece entre 20 de janeiro e 21 de fevereiro de 2026, com programa\u00e7\u00e3o gratuita, reunindo shows, aulas de samba, oficinas carnavalescas e apresenta\u00e7\u00f5es das 12 escolas de samba do Grupo Especial.<\/p>\n\n\n\n<p>Patrocinado pela Enel Rio, o evento refor\u00e7a o compromisso da companhia com a valoriza\u00e7\u00e3o da cultura, do entretenimento e do uso consciente dos espa\u00e7os p\u00fablicos. Ao longo de mais de um m\u00eas, o p\u00fablico poder\u00e1 vivenciar experi\u00eancias imersivas que celebram a identidade carnavalesca do Rio de Janeiro, em um dos cart\u00f5es-postais da cidade.<\/p>\n\n\n\n<p>Na ter\u00e7a-feira (20), uma iniciativa in\u00e9dita reunir\u00e1 cerca de 1.200 ritmistas de todas as agremia\u00e7\u00f5es do Grupo Especial para formar a \u201cmaior bateria do mundo\u201d, tentativa que ser\u00e1 oficializada pelo Guinness World Records\u2122\ufe0f. A apresenta\u00e7\u00e3o contar\u00e1 com a participa\u00e7\u00e3o de Neguinho da Beija-Flor, interpretando sambas-enredo hist\u00f3ricos, sob o comando dos mestres de bateria das escolas.<\/p>\n\n\n\n<p>A programa\u00e7\u00e3o, que come\u00e7a \u00e0s 14h, inclui ainda um aul\u00e3o de samba no p\u00e9 com Carlinhos do Salgueiro e, \u00e0 noite, um encontro especial entre o cantor Belo e Neguinho da Beija-Flor.<\/p>\n\n\n\n<p>O acesso ao evento ser\u00e1 gratuito, por\u00e9m sujeito \u00e0 lota\u00e7\u00e3o, mediante cadastro pr\u00e9vio com reconhecimento facial no aplicativo oficial do Rio Carnaval. Menores de 16 anos s\u00f3 poder\u00e3o entrar acompanhados dos pais ou respons\u00e1veis legais.<\/p>\n\n\n\n<p><strong>Enel Rio: Mais de 100 projetos culturais e esportivos incentivados<\/strong><\/p>\n\n\n\n<p>A Enel Rio \u00e9 a maior patrocinadora de projetos culturais e esportivos no estado, por meio das leis de incentivo. No \u00faltimo ano, a distribuidora investiu mais de R$ 115 milh\u00f5es em 108 iniciativas que beneficiaram cerca de 800 mil pessoas diretamente.<\/p>\n\n\n\n<p><strong>Servi\u00e7o<\/strong><br><strong>Rio Capital do Carnaval Fan Fest 2026<br><\/strong><br><strong>Onde:<\/strong>&nbsp;Praia de Copacabana, Rio de Janeiro<br><strong>Quando:<\/strong>&nbsp;20 de janeiro a 21 de fevereiro<br><strong>Entrada:<\/strong>&nbsp;gratuita, mediante cadastro facial no app Rio Carnaval Mais<br><strong>Informa\u00e7\u00f5es:<\/strong>&nbsp;@riocapitaldocarnaval<\/p>\n\n\n\n<p><strong>Fotos:&nbsp;<\/strong><a href=\"https:\/\/drive.google.com\/drive\/folders\/1abterzQ1pPKd88MQPvSsKiTq1lWBFyrm\" target=\"_blank\" rel=\"noreferrer noopener\">https:\/\/drive.google.com\/drive\/folders\/1abterzQ1pPKd88MQPvSsKiTq1lWBFyrm<\/a><\/p>\n","protected":false},"excerpt":{"rendered":"<p>Patrocinado pela Enel Rio, evento gratuito transforma a orla em um grande palco de experi\u00eancias<\/p>\n","protected":false},"author":1,"featured_media":49671,"comment_status":"closed","ping_status":"open","sticky":false,"template":"","format":"standard","meta":{"spay_email":"","footnotes":"","jetpack_publicize_message":""},"categories":[42],"tags":[],"jetpack_featured_media_url":"https:\/\/i0.wp.com\/jornaldeitaipava.com.br\/wp-content\/uploads\/2026\/01\/Fan-Fest.jpg?fit=579%2C322&ssl=1","jetpack_publicize_connections":[],"jetpack_sharing_enabled":true,"jetpack_likes_enabled":true,"jetpack-related-posts":[],"_links":{"self":[{"href":"https:\/\/jornaldeitaipava.com.br\/index.php\/wp-json\/wp\/v2\/posts\/49670"}],"collection":[{"href":"https:\/\/jornaldeitaipava.com.br\/index.php\/wp-json\/wp\/v2\/posts"}],"about":[{"href":"https:\/\/jornaldeitaipava.com.br\/index.php\/wp-json\/wp\/v2\/types\/post"}],"author":[{"embeddable":true,"href":"https:\/\/jornaldeitaipava.com.br\/index.php\/wp-json\/wp\/v2\/users\/1"}],"replies":[{"embeddable":true,"href":"https:\/\/jornaldeitaipava.com.br\/index.php\/wp-json\/wp\/v2\/comments?post=49670"}],"version-history":[{"count":1,"href":"https:\/\/jornaldeitaipava.com.br\/index.php\/wp-json\/wp\/v2\/posts\/49670\/revisions"}],"predecessor-version":[{"id":49672,"href":"https:\/\/jornaldeitaipava.com.br\/index.php\/wp-json\/wp\/v2\/posts\/49670\/revisions\/49672"}],"wp:featuredmedia":[{"embeddable":true,"href":"https:\/\/jornaldeitaipava.com.br\/index.php\/wp-json\/wp\/v2\/media\/49671"}],"wp:attachment":[{"href":"https:\/\/jornaldeitaipava.com.br\/index.php\/wp-json\/wp\/v2\/media?parent=49670"}],"wp:term":[{"taxonomy":"category","embeddable":true,"href":"https:\/\/jornaldeitaipava.com.br\/index.php\/wp-json\/wp\/v2\/categories?post=49670"},{"taxonomy":"post_tag","embeddable":true,"href":"https:\/\/jornaldeitaipava.com.br\/index.php\/wp-json\/wp\/v2\/tags?post=49670"}],"curies":[{"name":"wp","href":"https:\/\/api.w.org\/{rel}","templated":true}]}}