{"id":49673,"date":"2026-01-19T16:41:56","date_gmt":"2026-01-19T19:41:56","guid":{"rendered":"https:\/\/jornaldeitaipava.com.br\/?p=49673"},"modified":"2026-01-19T16:42:00","modified_gmt":"2026-01-19T19:42:00","slug":"galpao-caipira-no-vale-das-videiras-recebe-maria-sonia-pinho-em-roda-de-conversa-no-proximo-sabado","status":"publish","type":"post","link":"https:\/\/jornaldeitaipava.com.br\/index.php\/2026\/01\/19\/galpao-caipira-no-vale-das-videiras-recebe-maria-sonia-pinho-em-roda-de-conversa-no-proximo-sabado\/","title":{"rendered":"Galp\u00e3o Caipira, no Vale das Videiras, recebe Maria Sonia Pinho em roda de conversa no pr\u00f3ximo s\u00e1bado"},"content":{"rendered":"\n<p class=\"has-text-align-center\"><strong>Encontro inaugura a s\u00e9rie \u201cRoda de saberes: encontros do Brasil raiz\u201d<\/strong><\/p>\n\n\n\n<p>O Galp\u00e3o Caipira, no Vale das Videiras, em Petr\u00f3polis (RJ), realiza no pr\u00f3ximo s\u00e1bado, 24 de janeiro, \u00e0s 16h30, o primeiro encontro da s\u00e9rie \u201cRoda de saberes: encontros do Brasil raiz\u201d, com a participa\u00e7\u00e3o da pesquisadora Maria Sonia Pinho. O evento prop\u00f5e um bate-papo sobre o Vale do Jequitinhonha (MG) e a tradi\u00e7\u00e3o ceramista constru\u00edda por gera\u00e7\u00f5es de mulheres na regi\u00e3o. As vagas s\u00e3o limitadas e as inscri\u00e7\u00f5es devem ser feitas previamente, por meio de formul\u00e1rio on-line: <a href=\"https:\/\/docs.google.com\/forms\/d\/e\/1FAIpQLScfXrr55o86yCxP0DC8s0AbUrI-K9ivEFC7B45rltqQqka-Ow\/viewform\" target=\"_blank\" rel=\"noreferrer noopener\">https:\/\/docs.google.com\/forms\/d\/e\/1FAIpQLScfXrr55o86yCxP0DC8s0AbUrI-K9ivEFC7B45rltqQqka-Ow\/viewform<\/a><\/p>\n\n\n\n<p>A proposta do encontro \u00e9 apresentar ao p\u00fablico aspectos hist\u00f3ricos, culturais e sociais relacionados ao uso do barro no cotidiano das comunidades do Jequitinhonha, onde a cer\u00e2mica surge associada a necessidades b\u00e1sicas, como armazenar \u00e1gua, preparar alimentos e organizar a vida dom\u00e9stica. \u201cA expectativa \u00e9 que o p\u00fablico se depare com informa\u00e7\u00f5es pouco conhecidas. A rela\u00e7\u00e3o do barro com as fam\u00edlias que vivem h\u00e1 muitos anos no Vale do Jequitinhonha \u00e9 verdadeira, raiz\u201d, afirma Maria Sonia. \u201cA \u00e1gua, essencial para a vida, ficava longe, e os jarros eram levados em lombos de animais at\u00e9 pequenas casas caiadas, onde muitas fam\u00edlias, em sua maioria chefiadas por mulheres, se constitu\u00edam.\u201d<\/p>\n\n\n\n<p>A roda adota um formato participativo, com espa\u00e7o para perguntas e trocas entre o p\u00fablico e a convidada. A proposta \u00e9 compartilhar experi\u00eancias reunidas ao longo de mais de 20 anos de contato com o Vale do Jequitinhonha. Para Maria Sonia, o encontro tamb\u00e9m \u00e9 um convite para refletir sobre quest\u00f5es como identidade cultural e diversidade no pa\u00eds. \u201cPrecisamos nos conhecer melhor como na\u00e7\u00e3o, come\u00e7ar a entender quem somos, nossas ra\u00edzes, e deixarmos na prateleira debaixo refer\u00eancias externas, que tanto nos oprimem, rasgando as nossas vestes naturais\u201d, afirma.<\/p>\n\n\n\n<p>O evento tem ingresso simb\u00f3lico de R$ 30 e inclui bolos caseiros, \u00e1gua aromatizada, caf\u00e9 e ch\u00e1.<\/p>\n\n\n\n<p><strong>Sobre Maria Sonia Pinho<\/strong><\/p>\n\n\n\n<p>Moradora do Vale das Videiras, em Petr\u00f3polis, h\u00e1 12 anos, Maria Sonia Pinho \u00e9 carioca e iniciou sua carreira a partir de pesquisas sobre materiais e saberes tradicionais ap\u00f3s uma temporada em Ouro Preto (MG). Vinda do universo da moda, passou a questionar seus valores e direcionou sua atua\u00e7\u00e3o para a arte popular e os fazeres tradicionais brasileiros. Ao longo dos anos, percorreu diferentes regi\u00f5es do pa\u00eds em projetos ligados \u00e0 arte popular, com destaque para o Vale do Jequitinhonha (MG) e Juazeiro do Norte (CE). H\u00e1 mais de uma d\u00e9cada vive no Vale das Videiras, onde desenvolve trabalhos relacionados \u00e0 cultura e \u00e0 rela\u00e7\u00e3o com a natureza.<\/p>\n\n\n\n<p>Servi\u00e7o &#8211; Roda de saberes: encontros do Brasil raiz, com Maria Sonia Pinho<br>Local: Galp\u00e3o Caipira (Estr. Alm. Paulo Meira, 8320 &#8211; Vale das Videiras)<br>Dia e hor\u00e1rio: 24 de janeiro, s\u00e1bado, \u00e0s 16h30<br>Ingressos: R$ 30 (bolos caseiros, \u00e1gua aromatizada, caf\u00e9 e ch\u00e1 inclusos).<br>Inscri\u00e7\u00f5es: <a href=\"https:\/\/docs.google.com\/forms\/d\/e\/1FAIpQLScfXrr55o86yCxP0DC8s0AbUrI-K9ivEFC7B45rltqQqka-Ow\/viewform\" target=\"_blank\" rel=\"noreferrer noopener\">https:\/\/docs.google.com\/forms\/d\/e\/1FAIpQLScfXrr55o86yCxP0DC8s0AbUrI-K9ivEFC7B45rltqQqka-Ow\/viewform<\/a><br>Vagas limitadas.<\/p>\n","protected":false},"excerpt":{"rendered":"<p>Encontro inaugura a s\u00e9rie \u201cRoda de saberes: encontros do Brasil raiz\u201d O Galp\u00e3o Caipira, no<\/p>\n","protected":false},"author":1,"featured_media":49674,"comment_status":"closed","ping_status":"open","sticky":false,"template":"","format":"standard","meta":{"spay_email":"","footnotes":"","jetpack_publicize_message":""},"categories":[42],"tags":[],"jetpack_featured_media_url":"https:\/\/i2.wp.com\/jornaldeitaipava.com.br\/wp-content\/uploads\/2026\/01\/WhatsApp-Image-2026-01-19-at-16.18.59-e1768851689951.jpeg?fit=720%2C672&ssl=1","jetpack_publicize_connections":[],"jetpack_sharing_enabled":true,"jetpack_likes_enabled":true,"jetpack-related-posts":[],"_links":{"self":[{"href":"https:\/\/jornaldeitaipava.com.br\/index.php\/wp-json\/wp\/v2\/posts\/49673"}],"collection":[{"href":"https:\/\/jornaldeitaipava.com.br\/index.php\/wp-json\/wp\/v2\/posts"}],"about":[{"href":"https:\/\/jornaldeitaipava.com.br\/index.php\/wp-json\/wp\/v2\/types\/post"}],"author":[{"embeddable":true,"href":"https:\/\/jornaldeitaipava.com.br\/index.php\/wp-json\/wp\/v2\/users\/1"}],"replies":[{"embeddable":true,"href":"https:\/\/jornaldeitaipava.com.br\/index.php\/wp-json\/wp\/v2\/comments?post=49673"}],"version-history":[{"count":1,"href":"https:\/\/jornaldeitaipava.com.br\/index.php\/wp-json\/wp\/v2\/posts\/49673\/revisions"}],"predecessor-version":[{"id":49675,"href":"https:\/\/jornaldeitaipava.com.br\/index.php\/wp-json\/wp\/v2\/posts\/49673\/revisions\/49675"}],"wp:featuredmedia":[{"embeddable":true,"href":"https:\/\/jornaldeitaipava.com.br\/index.php\/wp-json\/wp\/v2\/media\/49674"}],"wp:attachment":[{"href":"https:\/\/jornaldeitaipava.com.br\/index.php\/wp-json\/wp\/v2\/media?parent=49673"}],"wp:term":[{"taxonomy":"category","embeddable":true,"href":"https:\/\/jornaldeitaipava.com.br\/index.php\/wp-json\/wp\/v2\/categories?post=49673"},{"taxonomy":"post_tag","embeddable":true,"href":"https:\/\/jornaldeitaipava.com.br\/index.php\/wp-json\/wp\/v2\/tags?post=49673"}],"curies":[{"name":"wp","href":"https:\/\/api.w.org\/{rel}","templated":true}]}}