{"id":49682,"date":"2026-01-20T15:38:07","date_gmt":"2026-01-20T18:38:07","guid":{"rendered":"http:\/\/jornaldeitaipava.com.br\/?p=49682"},"modified":"2026-01-20T15:38:14","modified_gmt":"2026-01-20T18:38:14","slug":"edital-de-cultura-linhas-livres-bate-recorde-de-inscricoes-dos-ultimos-tres-anos","status":"publish","type":"post","link":"https:\/\/jornaldeitaipava.com.br\/index.php\/2026\/01\/20\/edital-de-cultura-linhas-livres-bate-recorde-de-inscricoes-dos-ultimos-tres-anos\/","title":{"rendered":"Edital de cultura Linhas Livres bate recorde de inscri\u00e7\u00f5es dos \u00faltimos tr\u00eas anos"},"content":{"rendered":"\n<p class=\"has-text-align-center\"><strong>Iniciativa alcan\u00e7ou 322 propostas e refor\u00e7a democratiza\u00e7\u00e3o do acesso aos recursos culturais no munic\u00edpio<\/strong><\/p>\n\n\n\n<p>A cidade de Petr\u00f3polis alcan\u00e7ou um marco hist\u00f3rico na \u00e1rea cultural com o recorde de inscri\u00e7\u00f5es no edital de fomento lan\u00e7ado em 2025. Somente o Edital 02\/2025 \u2013 Linhas Livres contabilizou 322 propostas inscritas, n\u00famero expressivo, que supera o de inscritos dos editais lan\u00e7ados nos \u00faltimos tr\u00eas anos, evidenciando o fortalecimento do setor cultural e o crescente interesse de artistas, produtores e coletivos da cidade. As inscri\u00e7\u00f5es foram encerradas no \u00faltimo domingo (18\/01).<\/p>\n\n\n\n<p>O edital destina R$ 464 mil do Fundo Municipal de Cultura para o financiamento de projetos em diferentes linguagens art\u00edsticas, contemplando pessoas f\u00edsicas e jur\u00eddicas, artistas independentes, produtores culturais e coletivos. O alto n\u00famero de inscritos confirma o alcance da pol\u00edtica cultural adotada pelo munic\u00edpio desde janeiro do ano passado e o impacto das a\u00e7\u00f5es voltadas \u00e0 amplia\u00e7\u00e3o do acesso aos recursos p\u00fablicos.<\/p>\n\n\n\n<p>\u201cEsse n\u00famero hist\u00f3rico de inscri\u00e7\u00f5es mostra que estamos no caminho certo ao ampliar o acesso, descentralizar recursos e garantir que a cultura chegue a diferentes territ\u00f3rios e linguagens. Democratizar o acesso \u00e0 cultura \u00e9 dar oportunidade, valorizar talentos locais e fortalecer a identidade da nossa cidade\u201d, afirmou o prefeito Hingo Hammes.<\/p>\n\n\n\n<p>O presidente do Instituto Municipal de Cultura (IMC), Adenilson Honorato, tamb\u00e9m destacou a relev\u00e2ncia do resultado. \u201cAlcan\u00e7ar 322 inscri\u00e7\u00f5es no Linhas Livres \u00e9 um reflexo direto da confian\u00e7a da classe art\u00edstica nas pol\u00edticas p\u00fablicas de cultura do munic\u00edpio. O edital foi constru\u00eddo para ser acess\u00edvel, plural e representativo da diversidade cultural de Petr\u00f3polis, e esse recorde confirma que conseguimos dialogar com o setor\u201d, ressaltou.<\/p>\n\n\n\n<p>As inscri\u00e7\u00f5es foram realizadas de forma totalmente online, pelo site da Prefeitura de Petr\u00f3polis (petropolis.rj.gov.br).<\/p>\n","protected":false},"excerpt":{"rendered":"<p>Iniciativa alcan\u00e7ou 322 propostas e refor\u00e7a democratiza\u00e7\u00e3o do acesso aos recursos culturais no munic\u00edpio A<\/p>\n","protected":false},"author":1,"featured_media":38574,"comment_status":"closed","ping_status":"open","sticky":false,"template":"","format":"standard","meta":{"spay_email":"","footnotes":"","jetpack_publicize_message":""},"categories":[1],"tags":[],"jetpack_featured_media_url":"https:\/\/i0.wp.com\/jornaldeitaipava.com.br\/wp-content\/uploads\/2024\/03\/Centro-de-Cultura-Raul-de-Leoni_Foto-Isabela-Bentes.jpeg?fit=600%2C400&ssl=1","jetpack_publicize_connections":[],"jetpack_sharing_enabled":true,"jetpack_likes_enabled":true,"jetpack-related-posts":[],"_links":{"self":[{"href":"https:\/\/jornaldeitaipava.com.br\/index.php\/wp-json\/wp\/v2\/posts\/49682"}],"collection":[{"href":"https:\/\/jornaldeitaipava.com.br\/index.php\/wp-json\/wp\/v2\/posts"}],"about":[{"href":"https:\/\/jornaldeitaipava.com.br\/index.php\/wp-json\/wp\/v2\/types\/post"}],"author":[{"embeddable":true,"href":"https:\/\/jornaldeitaipava.com.br\/index.php\/wp-json\/wp\/v2\/users\/1"}],"replies":[{"embeddable":true,"href":"https:\/\/jornaldeitaipava.com.br\/index.php\/wp-json\/wp\/v2\/comments?post=49682"}],"version-history":[{"count":1,"href":"https:\/\/jornaldeitaipava.com.br\/index.php\/wp-json\/wp\/v2\/posts\/49682\/revisions"}],"predecessor-version":[{"id":49683,"href":"https:\/\/jornaldeitaipava.com.br\/index.php\/wp-json\/wp\/v2\/posts\/49682\/revisions\/49683"}],"wp:featuredmedia":[{"embeddable":true,"href":"https:\/\/jornaldeitaipava.com.br\/index.php\/wp-json\/wp\/v2\/media\/38574"}],"wp:attachment":[{"href":"https:\/\/jornaldeitaipava.com.br\/index.php\/wp-json\/wp\/v2\/media?parent=49682"}],"wp:term":[{"taxonomy":"category","embeddable":true,"href":"https:\/\/jornaldeitaipava.com.br\/index.php\/wp-json\/wp\/v2\/categories?post=49682"},{"taxonomy":"post_tag","embeddable":true,"href":"https:\/\/jornaldeitaipava.com.br\/index.php\/wp-json\/wp\/v2\/tags?post=49682"}],"curies":[{"name":"wp","href":"https:\/\/api.w.org\/{rel}","templated":true}]}}