{"id":49684,"date":"2026-01-20T15:39:44","date_gmt":"2026-01-20T18:39:44","guid":{"rendered":"http:\/\/jornaldeitaipava.com.br\/?p=49684"},"modified":"2026-01-20T15:39:48","modified_gmt":"2026-01-20T18:39:48","slug":"coletor-fica-ferido-apos-descarte-irregular-de-agulhas-em-coletora-no-quitandinha","status":"publish","type":"post","link":"https:\/\/jornaldeitaipava.com.br\/index.php\/2026\/01\/20\/coletor-fica-ferido-apos-descarte-irregular-de-agulhas-em-coletora-no-quitandinha\/","title":{"rendered":"Coletor fica ferido ap\u00f3s descarte irregular de agulhas em coletora no Quitandinha"},"content":{"rendered":"\n<p>Um coletor da Comdep se feriu com agulhas descartadas irregularmente durante a coleta de lixo no Parque S\u00e3o Vicente, no Quitandinha. Ele sofreu ferimento no dedo e foi encaminhado para atendimento m\u00e9dico na Unidade de Pronto Atendimento (UPA) do Centro.<\/p>\n\n\n\n<p>A Prefeitura acompanha o caso e apura as circunst\u00e2ncias do descarte inadequado de material infectante no local. A ocorr\u00eancia tamb\u00e9m foi encaminhada \u00e0 Secretaria de Servi\u00e7os, Seguran\u00e7a e Ordem P\u00fablica (SSOP) para que sejam adotadas as provid\u00eancias cab\u00edveis quanto \u00e0 poss\u00edvel origem do res\u00edduo.<\/p>\n\n\n\n<p>\u201cO descarte correto n\u00e3o \u00e9 apenas uma obriga\u00e7\u00e3o legal, \u00e9 uma quest\u00e3o de respeito \u00e0 vida e \u00e0 seguran\u00e7a de quem trabalha todos os dias cuidando da nossa cidade. Um erro como esse pode causar consequ\u00eancias graves para os nossos coletores e precisa ser tratado com a seriedade que o caso exige\u201d, afirmou o prefeito Hingo Hammes.<\/p>\n\n\n\n<p>A agulha estava acondicionada em uma caixa pr\u00f3pria para res\u00edduos infectantes, mas foi descartada com o lixo comum. Um fiscal esteve no local para verificar a ocorr\u00eancia. J\u00e1 h\u00e1 registros anteriores de descarte irregular de materiais semelhantes na mesma coletora.<\/p>\n\n\n\n<p>Agulhas, seringas e outros perfurocortantes s\u00e3o classificados como res\u00edduos de servi\u00e7os de sa\u00fade e exigem destina\u00e7\u00e3o adequada. O caso serve como alerta para a import\u00e2ncia do cumprimento das normas de descarte, fundamentais para garantir a seguran\u00e7a dos coletores e a prote\u00e7\u00e3o da sa\u00fade p\u00fablica.<\/p>\n\n\n\n<p>\u201cA coleta de res\u00edduos perfurocortantes da rede p\u00fablica \u00e9 feita de forma diferenciada e organizada. J\u00e1 os grandes geradores privados precisam custear esse servi\u00e7o, seguindo as normas t\u00e9cnicas. Em todos os casos, o material deve estar corretamente acondicionado, em recipiente r\u00edgido e identificado, e o respons\u00e1vel deve procurar a Comdep para receber orienta\u00e7\u00e3o\u201d, esclareceu a presidente da Comdep, Fernanda Ferreira.<\/p>\n","protected":false},"excerpt":{"rendered":"<p>Um coletor da Comdep se feriu com agulhas descartadas irregularmente durante a coleta de lixo<\/p>\n","protected":false},"author":1,"featured_media":49685,"comment_status":"closed","ping_status":"open","sticky":false,"template":"","format":"standard","meta":{"spay_email":"","footnotes":"","jetpack_publicize_message":""},"categories":[2],"tags":[],"jetpack_featured_media_url":"https:\/\/i2.wp.com\/jornaldeitaipava.com.br\/wp-content\/uploads\/2026\/01\/WhatsApp-Image-2026-01-20-at-14.19.42-e1768934366633.jpeg?fit=898%2C724&ssl=1","jetpack_publicize_connections":[],"jetpack_sharing_enabled":true,"jetpack_likes_enabled":true,"jetpack-related-posts":[],"_links":{"self":[{"href":"https:\/\/jornaldeitaipava.com.br\/index.php\/wp-json\/wp\/v2\/posts\/49684"}],"collection":[{"href":"https:\/\/jornaldeitaipava.com.br\/index.php\/wp-json\/wp\/v2\/posts"}],"about":[{"href":"https:\/\/jornaldeitaipava.com.br\/index.php\/wp-json\/wp\/v2\/types\/post"}],"author":[{"embeddable":true,"href":"https:\/\/jornaldeitaipava.com.br\/index.php\/wp-json\/wp\/v2\/users\/1"}],"replies":[{"embeddable":true,"href":"https:\/\/jornaldeitaipava.com.br\/index.php\/wp-json\/wp\/v2\/comments?post=49684"}],"version-history":[{"count":1,"href":"https:\/\/jornaldeitaipava.com.br\/index.php\/wp-json\/wp\/v2\/posts\/49684\/revisions"}],"predecessor-version":[{"id":49686,"href":"https:\/\/jornaldeitaipava.com.br\/index.php\/wp-json\/wp\/v2\/posts\/49684\/revisions\/49686"}],"wp:featuredmedia":[{"embeddable":true,"href":"https:\/\/jornaldeitaipava.com.br\/index.php\/wp-json\/wp\/v2\/media\/49685"}],"wp:attachment":[{"href":"https:\/\/jornaldeitaipava.com.br\/index.php\/wp-json\/wp\/v2\/media?parent=49684"}],"wp:term":[{"taxonomy":"category","embeddable":true,"href":"https:\/\/jornaldeitaipava.com.br\/index.php\/wp-json\/wp\/v2\/categories?post=49684"},{"taxonomy":"post_tag","embeddable":true,"href":"https:\/\/jornaldeitaipava.com.br\/index.php\/wp-json\/wp\/v2\/tags?post=49684"}],"curies":[{"name":"wp","href":"https:\/\/api.w.org\/{rel}","templated":true}]}}