{"id":49687,"date":"2026-01-20T15:43:28","date_gmt":"2026-01-20T18:43:28","guid":{"rendered":"http:\/\/jornaldeitaipava.com.br\/?p=49687"},"modified":"2026-01-20T15:43:31","modified_gmt":"2026-01-20T18:43:31","slug":"professora-em-tratamento-de-cancer-e-homenageada-pela-prefeitura","status":"publish","type":"post","link":"https:\/\/jornaldeitaipava.com.br\/index.php\/2026\/01\/20\/professora-em-tratamento-de-cancer-e-homenageada-pela-prefeitura\/","title":{"rendered":"Professora em tratamento de c\u00e2ncer \u00e9 homenageada pela Prefeitura"},"content":{"rendered":"\n<p class=\"has-text-align-center\"><strong>Suzy Cristine Wayand deu aula por 43 anos na rede municipal, mas hoje, passa por cuidados paliativos no HAC<br><\/strong><\/p>\n\n\n\n<p>Durante 43 anos, Suzy Cristine da Fonseca Torres Wayand dedicou a vida a ensinar milhares de crian\u00e7as a ler e escrever. Professora alfabetizadora, ela passou por tr\u00eas escolas nas mais de quatro d\u00e9cadas em atua\u00e7\u00e3o na rede municipal de ensino: Rosalina Nicolay (Sim\u00e9ria), Santa Luiza de Marillac e Rotary (Centro), esta \u00faltima onde chegou a ser diretora, por um curto per\u00edodo. O desejo de Suzy ainda queria estar em sala, o que s\u00f3 n\u00e3o \u00e9 poss\u00edvel devido ao grave problema de sa\u00fade.<\/p>\n\n\n\n<p>Desde mar\u00e7o do ano passado, a professora enfrenta um c\u00e2ncer, que avan\u00e7ou e para cuidar da sa\u00fade foi preciso se aposentar em setembro. Atualmente, ela est\u00e1 internada no Hospital Alcides Carneiro, onde passa por cuidados paliativos h\u00e1 duas semanas. Nesse per\u00edodo, a fam\u00edlia comentou com funcion\u00e1rios do HAC que ficaria feliz se a professora pudesse receber alguma homenagem ainda em vida. Foi ent\u00e3o que come\u00e7ou uma grande mobiliza\u00e7\u00e3o.<\/p>\n\n\n\n<p>A ouvidoria do HAC fez contato com a Secretaria de Educa\u00e7\u00e3o na quinta-feira (15\/01), que providenciou j\u00e1 no dia seguinte a confec\u00e7\u00e3o de uma placa de agradecimento pela dedica\u00e7\u00e3o ao magist\u00e9rio. A entrega do presente aconteceu nesta segunda-feira (19\/01) pela secret\u00e1ria de Educa\u00e7\u00e3o, Poliana Ferrarez, e pelo presidente do Sehac, Luiz Cruzick. O momento foi de grande emo\u00e7\u00e3o para Suzy.<\/p>\n\n\n\n<p>&#8220;\u00c9 uma gratid\u00e3o. Depois de tanto tempo, eu nunca imaginei. Trabalhei sem pensar em nada, e hoje estou muito feliz, muito feliz mesmo. Agrade\u00e7o muito&#8221;, disse a professora Suzy.<\/p>\n\n\n\n<p>Na conversa com a secretaria de Educa\u00e7\u00e3o, Suzy relembrou a trajet\u00f3ria em sala de aula. Ap\u00f3s tantos anos, a professora n\u00e3o faz ideia de quantos alunos ensinou, mas por onde passa, ainda encontra v\u00e1rios deles. At\u00e9 mesmo no hospital onde est\u00e1 internada.<\/p>\n\n\n\n<p>&#8220;Muita gente vem aqui, \u00e0s vezes um enfermeiro, e fala &#8216;Oi Tia Suzy&#8217;. \u00c0s vezes eu lembro o nome dos meus alunos. Eu tive que me aposentar pela doen\u00e7a, sen\u00e3o iria continuar. Eu amo alfabetizar&#8221;, contou.<\/p>\n\n\n\n<p>&#8220;\u00c9 uma alegria poder entregar essa homenagem para a Tia Suzy, para que ela saiba o tamanho da import\u00e2ncia que teve para a cidade e para tantos alunos que cresceram com a ajuda dela. Nem sempre temos a oportunidade de falar para a pr\u00f3pria pessoa o quanto ela contribuiu para a nossa vida, por isso, \u00e9 muito especial poder fazer essa homenagem\u201d, destacou o prefeito Hingo Hammes.<\/p>\n\n\n\n<p>&#8220;Todos na Secretaria sabem quem \u00e9 a Tia Suzy, ela tem uma hist\u00f3ria muito grande na nossa rede, alfabetizou muitas crian\u00e7as. Tudo que a gente pode falar, em nome da rede municipal, \u00e9 muito obrigado por tudo que voc\u00ea fez pela Educa\u00e7\u00e3o&#8221;, afirmou a secret\u00e1ria. &#8220;N\u00f3s estamos aqui para contar sua hist\u00f3ria, para que os professores que est\u00e3o entrando agora para nossa rede possam se inspirar no seu exemplo de dedica\u00e7\u00e3o&#8221;, completou.<\/p>\n\n\n\n<p>Nesse per\u00edodo de interna\u00e7\u00e3o, o encarregado da ouvidoria do HAC, Vitor Hugo Gon\u00e7alves, acompanhou todos os passos de Suzy. O pedido de uma homenagem veio atrav\u00e9s do filho. Vitor Hugo passou a hist\u00f3ria para frente, que chegou at\u00e9 a Secretaria de Educa\u00e7\u00e3o. Nesta segunda, ele tamb\u00e9m esteve presente na entrega do presente para a professora.<\/p>\n\n\n\n<p>&#8220;Acho que foi uma engrenagem de Deus. Uma pessoa, que falou com outra pessoa, at\u00e9 dar certo. E, hoje, de fato, se concretizou, conseguimos fazer a homenagem para a dona Suzy e foi muito emocionante. Deus une as pessoas para trabalharem em prol do bem&#8221;, comentou Vitor Hugo.<\/p>\n","protected":false},"excerpt":{"rendered":"<p>Suzy Cristine Wayand deu aula por 43 anos na rede municipal, mas hoje, passa por<\/p>\n","protected":false},"author":1,"featured_media":49688,"comment_status":"closed","ping_status":"open","sticky":false,"template":"","format":"standard","meta":{"spay_email":"","footnotes":"","jetpack_publicize_message":""},"categories":[2],"tags":[],"jetpack_featured_media_url":"https:\/\/i1.wp.com\/jornaldeitaipava.com.br\/wp-content\/uploads\/2026\/01\/WhatsApp-Image-2026-01-20-at-13.36.57.jpeg?fit=1600%2C1066&ssl=1","jetpack_publicize_connections":[],"jetpack_sharing_enabled":true,"jetpack_likes_enabled":true,"jetpack-related-posts":[],"_links":{"self":[{"href":"https:\/\/jornaldeitaipava.com.br\/index.php\/wp-json\/wp\/v2\/posts\/49687"}],"collection":[{"href":"https:\/\/jornaldeitaipava.com.br\/index.php\/wp-json\/wp\/v2\/posts"}],"about":[{"href":"https:\/\/jornaldeitaipava.com.br\/index.php\/wp-json\/wp\/v2\/types\/post"}],"author":[{"embeddable":true,"href":"https:\/\/jornaldeitaipava.com.br\/index.php\/wp-json\/wp\/v2\/users\/1"}],"replies":[{"embeddable":true,"href":"https:\/\/jornaldeitaipava.com.br\/index.php\/wp-json\/wp\/v2\/comments?post=49687"}],"version-history":[{"count":1,"href":"https:\/\/jornaldeitaipava.com.br\/index.php\/wp-json\/wp\/v2\/posts\/49687\/revisions"}],"predecessor-version":[{"id":49689,"href":"https:\/\/jornaldeitaipava.com.br\/index.php\/wp-json\/wp\/v2\/posts\/49687\/revisions\/49689"}],"wp:featuredmedia":[{"embeddable":true,"href":"https:\/\/jornaldeitaipava.com.br\/index.php\/wp-json\/wp\/v2\/media\/49688"}],"wp:attachment":[{"href":"https:\/\/jornaldeitaipava.com.br\/index.php\/wp-json\/wp\/v2\/media?parent=49687"}],"wp:term":[{"taxonomy":"category","embeddable":true,"href":"https:\/\/jornaldeitaipava.com.br\/index.php\/wp-json\/wp\/v2\/categories?post=49687"},{"taxonomy":"post_tag","embeddable":true,"href":"https:\/\/jornaldeitaipava.com.br\/index.php\/wp-json\/wp\/v2\/tags?post=49687"}],"curies":[{"name":"wp","href":"https:\/\/api.w.org\/{rel}","templated":true}]}}